{"id":29797,"date":"2025-01-22T07:13:48","date_gmt":"2025-01-22T07:13:48","guid":{"rendered":"https:\/\/modusportal.ba\/mojevijesti\/2025\/01\/22\/radnici-rite-ugljevik-danas-izlaze-na-novi-protest-traze-vracanje-koncesije-na-rudnik\/"},"modified":"2025-01-22T07:13:48","modified_gmt":"2025-01-22T07:13:48","slug":"radnici-rite-ugljevik-danas-izlaze-na-novi-protest-traze-vracanje-koncesije-na-rudnik","status":"publish","type":"post","link":"https:\/\/modusportal.ba\/mojevijesti\/2025\/01\/22\/radnici-rite-ugljevik-danas-izlaze-na-novi-protest-traze-vracanje-koncesije-na-rudnik\/","title":{"rendered":"Radnici RiTE \u201cUgljevik\u201d danas izlaze na novi protest, tra\u017ee vra\u0107anje koncesije na rudnik"},"content":{"rendered":"<p><\/p>\n<div class=\"_content\">\n<p>Radnici Rudnika i Termoelektrane \u201cUgljevik\u201c najavili su za danas s po\u010detkom u 10 sati jo\u0161 jedan protestni skup. Time, kako poru\u010duju, izra\u017eavaju nezadovoljstvo zbog inertnosti nadle\u017enih u rje\u0161avanju problema sa ugljem.<\/p>\n<p>Boban Benovi\u0107, predsjednik Sindikalne organizacije u ovom javnom preduze\u0107u, podsje\u0107a da je nestalo uglja i da zaposleni, koje predstavlja Sindikat, tra\u017ee da se vrati koncesija koja je nekada ranije data Ra\u0161idu Seradorovu, odnosno firmi \u201cKomsar enerd\u017ei\u201c kako bi rudari mogli da rade na toj lokaciji. Iako je koncesija data privatnoj kompaniji prije vi\u0161e od 10 godina, nikada nije do\u0161lo do realizacije.<\/p>\n<p>On ka\u017ee da je osnovni zahtjev zaposlenih da se obezbijedi dovoljna koli\u010dina uglja za rad TE i do 2050. godine, uz poseban akcenat da se le\u017ei\u0161te uglja Ugljevik istok 2 posredstvom koncesije dodijeli RiTE \u201cUgljevik\u201c.<\/p>\n<p>\u2013 Tra\u017eimo od resornog ministarstva da odmah dostavi dokument kojim se na\u0161em preduze\u0107u omogu\u0107avaju rudarski poslovi u koncesionom polju Ugljevik istok 2. Ako se to ne dogodi, do\u0107i \u0107e do radikalizacije radni\u010dkog bunta, navodi Benovi\u0107.<\/p>\n<div class=\"code-block code-block-5\" style=\"margin: 8px auto; text-align: center; display: block; clear: both;\">\n<!--banner poslije 20 redova teksta (ili dva paragrafa)--><\/p>\n<div id=\"intext\">\n  <script>\n    googletag.cmd.push(function() { googletag.display('intext'); });\n  <\/script>\n<\/div>\n<\/div>\n<p>U \u201cRiTE\u201c Ugljevik zaposleno je oko 1.900 radnika. Osim nedostatka uglja, preduze\u0107e je suo\u010deno i s finansijskim pritiskom zbog arbitra\u017ene odluke.<\/p>\n<p>Arbitra\u017eno vije\u0107e u Beogradu je polovinom 2023. godine donijelo odluku po kojoj RiTE \u201cUgljevik\u201c na ime naknade \u0161tete \u201cElektrogospodarstvu Slovenije \u2013 razvoj in in\u017eeniring\u201c mora da isplati 67 miliona eura i zateznu kamatu, te da, sve dok bude radila, isporu\u010duje tre\u0107inu elektri\u010dne energije koju proizvede. Ovaj izvoz elektri\u010dne energije ide po tr\u017ei\u0161nim cijenama.<\/p>\n<p>Samo nekoliko mjeseci poslije Arbitra\u017eno vije\u0107e je donijelo i novu odluku kojom je RiTE \u201cUgljevik\u201c obavezan da Slovencima plati i kamatu od 58,2 miliona eura.<\/p>\n<p>Po\u010detkom pro\u0161le godine izme\u0111u dvije strane potpisan je ugovor kojim je ozvani\u010den po\u010detak isporuke struje, ali i dogovoren model otplate 67 miliona eura glavnice po osnovu obe\u0161te\u0107enja.<\/p>\n<p>RiTE \u201cUgljevik\u201d je na Banjalu\u010dkoj berzi objavilo javni poziv za upis Tre\u0107e emisije redovnih akcija u vrijednosti od 31 milion KM. Sav novac, kako je navedeno u prospektu, ide za isplatu po odluci arbitra\u017enog spora. Upis je po\u010deo 8. januara i traje 30 dana, s tim da prvih 15 dana vlasnici imaju pravo pre\u010deg upisa.<\/p>\n<\/p><\/div>\n<p><a href=\"https:\/\/www.fokus.ba\/vijesti\/bih\/radnici-rite-ugljevik-danas-izlaze-na-novi-protest-traze-vracanje-koncesije-na-rudnik\/3404930\/?utm_source=rss&#038;utm_medium=rss&#038;utm_campaign=radnici-rite-ugljevik-danas-izlaze-na-novi-protest-traze-vracanje-koncesije-na-rudnik\">Fokus.ba <\/a><\/p>\n","protected":false},"excerpt":{"rendered":"<p>Radnici Rudnika i Termoelektrane \u201cUgljevik\u201c najavili su za danas s po\u010detkom u 10 sati jo\u0161 jedan protestni skup. Time, kako poru\u010duju, izra\u017eavaju nezadovoljstvo zbog inertnosti nadle\u017enih u rje\u0161avanju problema sa ugljem. Boban Benovi\u0107, predsjednik Sindikalne organizacije u ovom javnom preduze\u0107u, podsje\u0107a da je nestalo uglja i da zaposleni, koje predstavlja Sindikat, tra\u017ee da se vrati [&hellip;]<\/p>\n","protected":false},"author":1,"featured_media":0,"comment_status":"open","ping_status":"open","sticky":false,"template":"","format":"standard","meta":{"_siteseo_robots_primary_cat":"","footnotes":""},"categories":[1],"tags":[],"class_list":{"0":"post-29797","1":"post","2":"type-post","3":"status-publish","4":"format-standard","6":"category-uncategorized"},"_links":{"self":[{"href":"https:\/\/modusportal.ba\/mojevijesti\/wp-json\/wp\/v2\/posts\/29797","targetHints":{"allow":["GET"]}}],"collection":[{"href":"https:\/\/modusportal.ba\/mojevijesti\/wp-json\/wp\/v2\/posts"}],"about":[{"href":"https:\/\/modusportal.ba\/mojevijesti\/wp-json\/wp\/v2\/types\/post"}],"author":[{"embeddable":true,"href":"https:\/\/modusportal.ba\/mojevijesti\/wp-json\/wp\/v2\/users\/1"}],"replies":[{"embeddable":true,"href":"https:\/\/modusportal.ba\/mojevijesti\/wp-json\/wp\/v2\/comments?post=29797"}],"version-history":[{"count":0,"href":"https:\/\/modusportal.ba\/mojevijesti\/wp-json\/wp\/v2\/posts\/29797\/revisions"}],"wp:attachment":[{"href":"https:\/\/modusportal.ba\/mojevijesti\/wp-json\/wp\/v2\/media?parent=29797"}],"wp:term":[{"taxonomy":"category","embeddable":true,"href":"https:\/\/modusportal.ba\/mojevijesti\/wp-json\/wp\/v2\/categories?post=29797"},{"taxonomy":"post_tag","embeddable":true,"href":"https:\/\/modusportal.ba\/mojevijesti\/wp-json\/wp\/v2\/tags?post=29797"}],"curies":[{"name":"wp","href":"https:\/\/api.w.org\/{rel}","templated":true}]}}