{"id":29812,"date":"2025-01-26T06:55:46","date_gmt":"2025-01-26T06:55:46","guid":{"rendered":"https:\/\/modusportal.ba\/mojevijesti\/2025\/01\/26\/zrak-nezdrav-za-stanovnistvo-velika-prekoracenja-dozvoljenih-vrijednosti-u-vecim-gradovima-zdk-a\/"},"modified":"2025-01-26T06:55:46","modified_gmt":"2025-01-26T06:55:46","slug":"zrak-nezdrav-za-stanovnistvo-velika-prekoracenja-dozvoljenih-vrijednosti-u-vecim-gradovima-zdk-a","status":"publish","type":"post","link":"https:\/\/modusportal.ba\/mojevijesti\/2025\/01\/26\/zrak-nezdrav-za-stanovnistvo-velika-prekoracenja-dozvoljenih-vrijednosti-u-vecim-gradovima-zdk-a\/","title":{"rendered":"Zrak nezdrav za stanovni\u0161tvo, velika prekora\u010denja dozvoljenih vrijednosti u ve\u0107im gradovima ZDK-a"},"content":{"rendered":"<p><\/p>\n<div class=\"_content\">\n<p>Pokazatelji kvaliteta zraka tokom pro\u0161le godine ukazuju na prekomjerno zaga\u0111en zrak, a naro\u010dito u najugro\u017eenijim dijelovima Zeni\u010dko-dobojskog kantona, odnosno u gradovima i op\u0107inama u kojima je skoncentrisana industrija \u2013 potvrdio je u razgovoru za Fenu direktor Instituta \u201eKemal Kapetanovi\u0107\u201c prof. dr. Alaudin Brki\u0107.<\/p>\n<p>Centar za okoli\u0161 pomenutog instituta, dodao je, evidentirao je na svojim mjernim ure\u0111ajima prekora\u010denje dozvoljenih granica emisije sumpordioksida te PM 10 lebde\u0107ih \u010destica.<\/p>\n<p>\u2013 Broj prekora\u010denja visokih vrijednosti ovih emisija zna\u010dajno je ve\u0107i od dozvoljenog broja prekora\u010denja satnih i dnevnih koncentracija zaga\u0111uju\u0107ih meterija u toku kalendarske godine \u2013 kazao je Brki\u0107.<\/p>\n<p>Stacionarna mjerna stanica u naselju \u201eTetovo\u201c, dodao je, pro\u0161le godine nije bila u funkciji zbog \u010dinjenice da Grad Zenica nije izmirio finansijske obaveze prema vlasniku parcele na kojoj se nalazi stanica u tom dijelu grada.<\/p>\n<div class=\"code-block code-block-5\" style=\"margin: 8px auto; text-align: center; display: block; clear: both;\">\n<!--banner poslije 20 redova teksta (ili dva paragrafa)--><\/p>\n<div id=\"intext\">\n  <script>\n    googletag.cmd.push(function() { googletag.display('intext'); });\n  <\/script>\n<\/div>\n<\/div>\n<p>Stanica \u201eCentar\u201c u tom gradu evidentirala je 15 dana prekora\u010denja prosje\u010dnih dnevnih koncentracija sumpor dioksida, odnosno dva dana manje nego 2023., ali to je i dalje znatno vi\u0161e od dozvoljena tri dana u toku jedne godine.<\/p>\n<p>Prosje\u010dno dnevno prekora\u010denje lebde\u0107ih \u010destica na toj je stanici evidentirano u 56 dana (dozvoljeno 35 dana u toku godine-op.a.), odnosno 14 dana manje nego 2023. godine.<\/p>\n<p>Me\u0111utim, stanica \u201eRadakovo\u201c zabilje\u017eila je 66 dana prekora\u010denja SO2, odnosno skoro duplo vi\u0161e nego godinu ranije, kada je prekora\u010denje tih emisija zabilje\u017eeno u 45 dana. Ista je stanica zabilje\u017eila i vi\u0161e dana prekora\u010denja emisija lebde\u0107ih \u010destica \u2013 105 dana, dok je 2023. godine prekora\u010denje evidentirano tokom 81 dana.<\/p>\n<p>Vi\u0161e dana prekora\u010denja lebde\u0107ih \u010destica, u odnosu na godinu ranije (29 dana), bilo je i na stanici \u201eVranduk\u201c, gdje su tokom 33 dana evidentirana prekora\u010denja, ali to je manje od dozvoljenog broja dana u toku jedne godine. Me\u0111utim, na toj su stanici evidentirane manje emisije SO2- tokom 27 dana, dok je godinu ranije bilo 40 dana prekora\u010denja.<\/p>\n<p>Stanica u Gradu Visokom evidentirala je pobolj\u0161anja kvaliteta zraka, odnosno 48 dana prekora\u010denja SO2 (godinu ranije bilo je 75 dana), a lebde\u0107ih \u010destica 74 dana (tokom 2023. godine bilo je 87 dana prekora\u010denja-op.a.), ali i takvi su podaci znatno iznad dozvoljenog broja dana.<\/p>\n<p>Stanica u Maglaju evidentirala je 55 dana prekora\u010denja SO2 (godinu ranije bilo je 38) te 59 dana prekora\u010denja lebde\u0107ih \u010destica (82 dana u 2023. godini); Stanica u Te\u0161nju evidentirala je sedam dana prekora\u010denja SO2 (tri dana tokom 2023.) te 22 dana prekora\u010denja lebde\u0107ih \u010destica (47 dana tokom 2023.); Stanica u Kaknju evidentirala je 94 dana prekora\u010denja SO2 (78 dana u 2023.) te 106 dana lebde\u0107ih \u010destica (101 dan u 2023.).<\/p>\n<p>U prvoj polovini januara ove godine, podvla\u010di Brki\u0107, nastavljen je trend visokih koncentracija zaga\u0111uju\u0107ih materija u zraku, a posebno u Kaknju, Visokom i Zenici.<\/p>\n<p>\u2013 Posebno su ugro\u017eena podru\u010dja Kaknja i Zenice, gdje su koncentracije SO2 dostizale vrijednosti od 2.000 \u00b5g\/m3 zraka (dozvoljene prosje\u010dene dnevne koncentracije iznose 125 \u00b5g\/m3 zraka), a pra\u0161ine PM10 do 350 \u00b5g\/m3 zraka (dozvoljeni dnevni prosjek 50 \u00b5g\/m3 zraka), \u0161to je alarmantno visoko. Zrak koji sadr\u017ei ove koncentracije SO2 I PM10 je veoma \u0161tetan po zdravlje stanovni\u0161tva \u2013 upozorava Brki\u0107.<\/p>\n<div class=\"code-block code-block-8\" style=\"margin: 8px auto; text-align: center; display: block; clear: both;\">\n<!--banner poslije 60 redova teksta (ili \u0161est paragrafa)--><\/p>\n<div id=\"intext_3\">\n  <script>\n    googletag.cmd.push(function() { googletag.display('intext_3'); });\n  <\/script>\n<\/div>\n<\/div>\n<p>Kvalitet zraka, dodao je, naro\u010dito je ugro\u017een u Visokom, Kaknju i Zenici, gdje pored industrije postoji i veoma veliki broj ku\u0107nih lo\u017ei\u0161ta, u kojima se lo\u017ei uglavnom ugalj lo\u0161eg kvaliteta- sa velikim sadr\u017eajem sumpora i pepela.<\/p>\n<p>\u2013 Kako se radi o kotlinskim naseljima, u kojima je u hladnom dijelu godine \u010desta pojava inverznih stanja atmosfere, sa malim brzinama vjetra i bez vertikalnog mije\u0161anja atmosfere, u protekla dva mjeseca koncentracije sumpordiokisida u tim su gradovima bile alarmantno visoke \u2013 podvukao je Brki\u0107.<\/p>\n<p>U nastojanju da se smanje emisije iz sektora ku\u0107nih lo\u017ei\u0161ta, napominje, Ministarstvo za prostorno ure\u0111enje, promet i komunikacije ZDK-a u saradnji sa Centrom za okoli\u0161 Instituta \u201cKemal Kapetanovi\u0107\u201d, iniciralo je izradu Registra ku\u0107nih lo\u017ei\u0161ta na podru\u010dju ZDK-a.<\/p>\n<p>\u2013 Registar \u0107e biti osnova za raspisivanje javnih poziva za sufinansiranje zamjene pe\u0107i, goriva i utopljavanja objekata. Najvjerovatnije \u0107e to biti po principu pola-pola, odnosno da \u0107e Ministarstvo sufinansirati 50 posto tro\u0161kova \u2013 najavio je Brki\u0107.<\/p>\n<div class=\"code-block code-block-9\" style=\"margin: 8px auto; text-align: center; display: block; clear: both;\">\n<!--banner poslije  80 redova teksta (ili osam paragrafa)--><\/p>\n<div id=\"intext_4\">\n  <script>\n    googletag.cmd.push(function() { googletag.display('intext_4'); });\n  <\/script>\n<\/div>\n<\/div>\n<p>Preporuke su, dodao je, da radnici koji rade na otvorenom koriste za\u0161titne maske sa filterima, a gra\u0111ani da \u0161to \u010de\u0161\u0107e, pogotovo u zimskim mjesecima, borave na planinama. Centar za okoli\u0161, dodao je, ima problema s zapo\u0161ljavanjem nedostaju\u010deg stru\u010dnog kadra.<\/p>\n<p>Zahtjevi za zapo\u0161ljavanje se ne realiziraju, a u proteklih 10 godina su izgubili \u0161est zaposlenika, koji su penzionisani.<\/p>\n<p>\u2013 Za zapo\u0161ljavanje kvalitetnih stru\u010dnih kadrova potrebno je izmijeniti sistematizaciju radnih mjesta u Centru za okoli\u0161 te pove\u0107ati pla\u0107e. Na konkurs za zapo\u0161ljavanje IT in\u017eenjera koji smo proveli 2021. godine, upravo zbog malih pla\u0107a, niko se nije ni prijavio \u2013 kazao je za Fenu Brki\u0107.<\/p>\n<\/p><\/div>\n<p><a href=\"https:\/\/www.fokus.ba\/vijesti\/bih\/zrak-nezdrav-za-stanovnistvo-velika-prekoracenja-dozvoljenih-vrijednosti-u-vecim-gradovima-zdk-a\/3406710\/?utm_source=rss&#038;utm_medium=rss&#038;utm_campaign=zrak-nezdrav-za-stanovnistvo-velika-prekoracenja-dozvoljenih-vrijednosti-u-vecim-gradovima-zdk-a\">Fokus.ba <\/a><\/p>\n","protected":false},"excerpt":{"rendered":"<p>Pokazatelji kvaliteta zraka tokom pro\u0161le godine ukazuju na prekomjerno zaga\u0111en zrak, a naro\u010dito u najugro\u017eenijim dijelovima Zeni\u010dko-dobojskog kantona, odnosno u gradovima i op\u0107inama u kojima je skoncentrisana industrija \u2013 potvrdio je u razgovoru za Fenu direktor Instituta \u201eKemal Kapetanovi\u0107\u201c prof. dr. Alaudin Brki\u0107. Centar za okoli\u0161 pomenutog instituta, dodao je, evidentirao je na svojim mjernim [&hellip;]<\/p>\n","protected":false},"author":1,"featured_media":0,"comment_status":"open","ping_status":"open","sticky":false,"template":"","format":"standard","meta":{"_siteseo_robots_primary_cat":"","footnotes":""},"categories":[],"tags":[],"class_list":["post-29812","post","type-post","status-publish","format-standard"],"_links":{"self":[{"href":"https:\/\/modusportal.ba\/mojevijesti\/wp-json\/wp\/v2\/posts\/29812","targetHints":{"allow":["GET"]}}],"collection":[{"href":"https:\/\/modusportal.ba\/mojevijesti\/wp-json\/wp\/v2\/posts"}],"about":[{"href":"https:\/\/modusportal.ba\/mojevijesti\/wp-json\/wp\/v2\/types\/post"}],"author":[{"embeddable":true,"href":"https:\/\/modusportal.ba\/mojevijesti\/wp-json\/wp\/v2\/users\/1"}],"replies":[{"embeddable":true,"href":"https:\/\/modusportal.ba\/mojevijesti\/wp-json\/wp\/v2\/comments?post=29812"}],"version-history":[{"count":0,"href":"https:\/\/modusportal.ba\/mojevijesti\/wp-json\/wp\/v2\/posts\/29812\/revisions"}],"wp:attachment":[{"href":"https:\/\/modusportal.ba\/mojevijesti\/wp-json\/wp\/v2\/media?parent=29812"}],"wp:term":[{"taxonomy":"category","embeddable":true,"href":"https:\/\/modusportal.ba\/mojevijesti\/wp-json\/wp\/v2\/categories?post=29812"},{"taxonomy":"post_tag","embeddable":true,"href":"https:\/\/modusportal.ba\/mojevijesti\/wp-json\/wp\/v2\/tags?post=29812"}],"curies":[{"name":"wp","href":"https:\/\/api.w.org\/{rel}","templated":true}]}}