{"id":29813,"date":"2025-01-27T07:30:49","date_gmt":"2025-01-27T07:30:49","guid":{"rendered":"https:\/\/modusportal.ba\/mojevijesti\/2025\/01\/27\/cvijanovic-na-obiljezavanju-80-godisnjice-oslobodenja-logora-auschwitz-birkenau\/"},"modified":"2025-01-27T07:30:49","modified_gmt":"2025-01-27T07:30:49","slug":"cvijanovic-na-obiljezavanju-80-godisnjice-oslobodenja-logora-auschwitz-birkenau","status":"publish","type":"post","link":"https:\/\/modusportal.ba\/mojevijesti\/2025\/01\/27\/cvijanovic-na-obiljezavanju-80-godisnjice-oslobodenja-logora-auschwitz-birkenau\/","title":{"rendered":"Cvijanovi\u0107 na obilje\u017eavanju 80. godi\u0161njice oslobo\u0111enja logora Auschwitz \u2013 Birkenau"},"content":{"rendered":"<p><\/p>\n<div class=\"_content\">\n<p>Predsjedavaju\u0107a Predsjedni\u0161tva Bosne i Hercegovine \u017deljka Cvijanovi\u0107 prisustvovat \u0107e danas u Poljskoj obilje\u017eavanju 80. godi\u0161njice oslobo\u0111enja koncentracijskog logora smrti nacisti\u010dke Njema\u010dke Auschwitz \u2013 Birkenau.<\/p>\n<p>Obilje\u017eavanju \u0107e prisustvovati veliki broj svjetskih i evropskih du\u017enosnika, predsjednika dr\u017eava i vlada, kao i predstavnici brojnih me\u0111unarodnih organizacija, saop\u0107eno je iz Predsjedni\u0161tva BiH.<\/p>\n<\/p><\/div>\n<p><a href=\"https:\/\/www.fokus.ba\/vijesti\/bih\/cvijanovic-na-obiljezavanju-80-godisnjice-oslobodjenja-logora-auschwitz-birkenau-2\/3407416\/?utm_source=rss&#038;utm_medium=rss&#038;utm_campaign=cvijanovic-na-obiljezavanju-80-godisnjice-oslobodjenja-logora-auschwitz-birkenau-2\">Fokus.ba <\/a><\/p>\n","protected":false},"excerpt":{"rendered":"<p>Predsjedavaju\u0107a Predsjedni\u0161tva Bosne i Hercegovine \u017deljka Cvijanovi\u0107 prisustvovat \u0107e danas u Poljskoj obilje\u017eavanju 80. godi\u0161njice oslobo\u0111enja koncentracijskog logora smrti nacisti\u010dke Njema\u010dke Auschwitz \u2013 Birkenau. Obilje\u017eavanju \u0107e prisustvovati veliki broj svjetskih i evropskih du\u017enosnika, predsjednika dr\u017eava i vlada, kao i predstavnici brojnih me\u0111unarodnih organizacija, saop\u0107eno je iz Predsjedni\u0161tva BiH. Fokus.ba<\/p>\n","protected":false},"author":1,"featured_media":29814,"comment_status":"open","ping_status":"open","sticky":false,"template":"","format":"standard","meta":{"_siteseo_robots_primary_cat":"","footnotes":""},"categories":[],"tags":[],"class_list":["post-29813","post","type-post","status-publish","format-standard","has-post-thumbnail"],"_links":{"self":[{"href":"https:\/\/modusportal.ba\/mojevijesti\/wp-json\/wp\/v2\/posts\/29813","targetHints":{"allow":["GET"]}}],"collection":[{"href":"https:\/\/modusportal.ba\/mojevijesti\/wp-json\/wp\/v2\/posts"}],"about":[{"href":"https:\/\/modusportal.ba\/mojevijesti\/wp-json\/wp\/v2\/types\/post"}],"author":[{"embeddable":true,"href":"https:\/\/modusportal.ba\/mojevijesti\/wp-json\/wp\/v2\/users\/1"}],"replies":[{"embeddable":true,"href":"https:\/\/modusportal.ba\/mojevijesti\/wp-json\/wp\/v2\/comments?post=29813"}],"version-history":[{"count":0,"href":"https:\/\/modusportal.ba\/mojevijesti\/wp-json\/wp\/v2\/posts\/29813\/revisions"}],"wp:featuredmedia":[{"embeddable":true,"href":"https:\/\/modusportal.ba\/mojevijesti\/wp-json\/wp\/v2\/media\/29814"}],"wp:attachment":[{"href":"https:\/\/modusportal.ba\/mojevijesti\/wp-json\/wp\/v2\/media?parent=29813"}],"wp:term":[{"taxonomy":"category","embeddable":true,"href":"https:\/\/modusportal.ba\/mojevijesti\/wp-json\/wp\/v2\/categories?post=29813"},{"taxonomy":"post_tag","embeddable":true,"href":"https:\/\/modusportal.ba\/mojevijesti\/wp-json\/wp\/v2\/tags?post=29813"}],"curies":[{"name":"wp","href":"https:\/\/api.w.org\/{rel}","templated":true}]}}