{"id":29815,"date":"2025-01-27T20:55:53","date_gmt":"2025-01-27T20:55:53","guid":{"rendered":"https:\/\/modusportal.ba\/mojevijesti\/2025\/01\/27\/forto-i-murphy-evropska-perspektiva-za-bih-nema-alternativu\/"},"modified":"2025-01-27T20:55:53","modified_gmt":"2025-01-27T20:55:53","slug":"forto-i-murphy-evropska-perspektiva-za-bih-nema-alternativu","status":"publish","type":"post","link":"https:\/\/modusportal.ba\/mojevijesti\/2025\/01\/27\/forto-i-murphy-evropska-perspektiva-za-bih-nema-alternativu\/","title":{"rendered":"Forto i Murphy: Evropska perspektiva za BiH nema alternativu"},"content":{"rendered":"<p><\/p>\n<div class=\"_content\">\n<p>Ministar komunikacija i prometa Bosne i Hercegovine Edin Forto sastao se danas sa ambasadorom Sjedinjenih Ameri\u010dkih Dr\u017eava u Bosni i Hercegovini Michaelom J. Murphyjem.<\/p>\n<p>Kako je navedeno, dvojac je razgovarao o evropskoj perspektivi zaklju\u010div\u0161i kako ona nema alternative.<\/p>\n<p>Murphy je poru\u010dio da ameri\u010dka administracija pru\u017ea nedvojbenu podr\u0161ku evropskoj perspektivi BiH u interesu svih gra\u0111ana Bosne i Hercegovine.<\/p>\n<\/p><\/div>\n<p><a href=\"https:\/\/www.fokus.ba\/vijesti\/bih\/forto-i-murphy-evropska-perspektiva-za-bih-nema-alternativu\/3407711\/?utm_source=rss&#038;utm_medium=rss&#038;utm_campaign=forto-i-murphy-evropska-perspektiva-za-bih-nema-alternativu\">Fokus.ba <\/a><\/p>\n","protected":false},"excerpt":{"rendered":"<p>Ministar komunikacija i prometa Bosne i Hercegovine Edin Forto sastao se danas sa ambasadorom Sjedinjenih Ameri\u010dkih Dr\u017eava u Bosni i Hercegovini Michaelom J. Murphyjem. Kako je navedeno, dvojac je razgovarao o evropskoj perspektivi zaklju\u010div\u0161i kako ona nema alternative. Murphy je poru\u010dio da ameri\u010dka administracija pru\u017ea nedvojbenu podr\u0161ku evropskoj perspektivi BiH u interesu svih gra\u0111ana Bosne [&hellip;]<\/p>\n","protected":false},"author":1,"featured_media":0,"comment_status":"open","ping_status":"open","sticky":false,"template":"","format":"standard","meta":{"_siteseo_robots_primary_cat":"","footnotes":""},"categories":[],"tags":[],"class_list":["post-29815","post","type-post","status-publish","format-standard"],"_links":{"self":[{"href":"https:\/\/modusportal.ba\/mojevijesti\/wp-json\/wp\/v2\/posts\/29815","targetHints":{"allow":["GET"]}}],"collection":[{"href":"https:\/\/modusportal.ba\/mojevijesti\/wp-json\/wp\/v2\/posts"}],"about":[{"href":"https:\/\/modusportal.ba\/mojevijesti\/wp-json\/wp\/v2\/types\/post"}],"author":[{"embeddable":true,"href":"https:\/\/modusportal.ba\/mojevijesti\/wp-json\/wp\/v2\/users\/1"}],"replies":[{"embeddable":true,"href":"https:\/\/modusportal.ba\/mojevijesti\/wp-json\/wp\/v2\/comments?post=29815"}],"version-history":[{"count":0,"href":"https:\/\/modusportal.ba\/mojevijesti\/wp-json\/wp\/v2\/posts\/29815\/revisions"}],"wp:attachment":[{"href":"https:\/\/modusportal.ba\/mojevijesti\/wp-json\/wp\/v2\/media?parent=29815"}],"wp:term":[{"taxonomy":"category","embeddable":true,"href":"https:\/\/modusportal.ba\/mojevijesti\/wp-json\/wp\/v2\/categories?post=29815"},{"taxonomy":"post_tag","embeddable":true,"href":"https:\/\/modusportal.ba\/mojevijesti\/wp-json\/wp\/v2\/tags?post=29815"}],"curies":[{"name":"wp","href":"https:\/\/api.w.org\/{rel}","templated":true}]}}