{"id":29818,"date":"2025-01-28T03:09:25","date_gmt":"2025-01-28T03:09:25","guid":{"rendered":"https:\/\/modusportal.ba\/mojevijesti\/2025\/01\/28\/stanivukovic-sutra-sastanak-opozicije\/"},"modified":"2025-01-28T03:09:25","modified_gmt":"2025-01-28T03:09:25","slug":"stanivukovic-sutra-sastanak-opozicije","status":"publish","type":"post","link":"https:\/\/modusportal.ba\/mojevijesti\/2025\/01\/28\/stanivukovic-sutra-sastanak-opozicije\/","title":{"rendered":"Stanivukovi\u0107: Sutra sastanak opozicije"},"content":{"rendered":"<p><\/p>\n<div class=\"_content\">\n<p>Predsjednik PDP-a Dra\u0161ko Stanivukovi\u0107 izjavio je da svjesno jo\u0161 nisu predlo\u017eili ime za \u010dlana Kolegijuma Predstavni\u010dkog doma parlamenta BiH i da \u0107e tim povodom PDP sutra biti doma\u0107in sastanka opozicije.<\/p>\n<p>\u201c\u0160ta vrijedi funkcija, ako ne mo\u017eemo sprovesti svoju politiku? Zato svjesno jo\u0161 nismo predlo\u017eili novo ime za mjesto \u010dlana Kolegijuma\u201d, rekao je Stanivukovi\u0107.<\/p>\n<p>Stanivukovi\u0107 je naveo da su pred PDP-om va\u017ena pitanja i odluke te da je zato sutra\u0161nji sastanak izuzetno bitan, saop\u0161teno je iz PDP-a.<\/p>\n<p>\u201cNakon njega, stavovi opozicije bi\u0107e jasni, usagla\u0161eni i zasnovani na principima koji garantuju odgovornost i promjenu politike, a ne samo puku promjenu vlasti\u201d, rekao je Stanivukovi\u0107.<\/p>\n<div class=\"code-block code-block-5\" style=\"margin: 8px auto; text-align: center; display: block; clear: both;\">\n<!--banner poslije 20 redova teksta (ili dva paragrafa)--><\/p>\n<div id=\"intext\">\n  <script>\n    googletag.cmd.push(function() { googletag.display('intext'); });\n  <\/script>\n<\/div>\n<\/div><\/div>\n<p><a href=\"https:\/\/www.fokus.ba\/vijesti\/bih\/stanivukovic-sutra-sastanak-opozicije\/3407705\/?utm_source=rss&#038;utm_medium=rss&#038;utm_campaign=stanivukovic-sutra-sastanak-opozicije\">Fokus.ba <\/a><\/p>\n","protected":false},"excerpt":{"rendered":"<p>Predsjednik PDP-a Dra\u0161ko Stanivukovi\u0107 izjavio je da svjesno jo\u0161 nisu predlo\u017eili ime za \u010dlana Kolegijuma Predstavni\u010dkog doma parlamenta BiH i da \u0107e tim povodom PDP sutra biti doma\u0107in sastanka opozicije. \u201c\u0160ta vrijedi funkcija, ako ne mo\u017eemo sprovesti svoju politiku? Zato svjesno jo\u0161 nismo predlo\u017eili novo ime za mjesto \u010dlana Kolegijuma\u201d, rekao je Stanivukovi\u0107. Stanivukovi\u0107 je [&hellip;]<\/p>\n","protected":false},"author":1,"featured_media":0,"comment_status":"open","ping_status":"open","sticky":false,"template":"","format":"standard","meta":{"_siteseo_robots_primary_cat":"","footnotes":""},"categories":[],"tags":[],"class_list":["post-29818","post","type-post","status-publish","format-standard"],"_links":{"self":[{"href":"https:\/\/modusportal.ba\/mojevijesti\/wp-json\/wp\/v2\/posts\/29818","targetHints":{"allow":["GET"]}}],"collection":[{"href":"https:\/\/modusportal.ba\/mojevijesti\/wp-json\/wp\/v2\/posts"}],"about":[{"href":"https:\/\/modusportal.ba\/mojevijesti\/wp-json\/wp\/v2\/types\/post"}],"author":[{"embeddable":true,"href":"https:\/\/modusportal.ba\/mojevijesti\/wp-json\/wp\/v2\/users\/1"}],"replies":[{"embeddable":true,"href":"https:\/\/modusportal.ba\/mojevijesti\/wp-json\/wp\/v2\/comments?post=29818"}],"version-history":[{"count":0,"href":"https:\/\/modusportal.ba\/mojevijesti\/wp-json\/wp\/v2\/posts\/29818\/revisions"}],"wp:attachment":[{"href":"https:\/\/modusportal.ba\/mojevijesti\/wp-json\/wp\/v2\/media?parent=29818"}],"wp:term":[{"taxonomy":"category","embeddable":true,"href":"https:\/\/modusportal.ba\/mojevijesti\/wp-json\/wp\/v2\/categories?post=29818"},{"taxonomy":"post_tag","embeddable":true,"href":"https:\/\/modusportal.ba\/mojevijesti\/wp-json\/wp\/v2\/tags?post=29818"}],"curies":[{"name":"wp","href":"https:\/\/api.w.org\/{rel}","templated":true}]}}