{"id":29819,"date":"2025-01-28T09:12:01","date_gmt":"2025-01-28T09:12:01","guid":{"rendered":"https:\/\/modusportal.ba\/mojevijesti\/2025\/01\/28\/sastaju-se-covic-i-dodik-u-mostaru\/"},"modified":"2025-01-28T09:12:01","modified_gmt":"2025-01-28T09:12:01","slug":"sastaju-se-covic-i-dodik-u-mostaru","status":"publish","type":"post","link":"https:\/\/modusportal.ba\/mojevijesti\/2025\/01\/28\/sastaju-se-covic-i-dodik-u-mostaru\/","title":{"rendered":"Sastaju se \u010covi\u0107 i Dodik u Mostaru"},"content":{"rendered":"<p><\/p>\n<div class=\"_content\">\n<p>Predsjednik SNSD-a Milorad Dodik i lider HDZ-a BiH Dragan \u010covi\u0107 sastat \u0107e se danas u Mostaru, potvr\u0111eno je Srni.<\/p>\n<p>Dodik i \u010covi\u0107 razgovarat \u0107e o aktuelnoj politi\u010dkoj situaciji i djelovanju ovih stranaka na nivou BiH.<\/p>\n<p>Podsje\u0107amo, \u201cTrojka\u201d koja je s SNSD-om i HDZ-om formirale vlast na dr\u017eavnom nivou, krajem pro\u0161le sedmice saop\u0161tile su da raskidaju partnerstvo sa SNSD-om.<\/p>\n<p>Uz pomo\u0107 SDA i opozicionih stranaka iz RS, Trojka je izglasala smjenu Neboj\u0161e Radmanovi\u0107a (SNSD) iz Kolegijuma Predstavni\u010dkog doma Parlamentarne skup\u0161tine BiH.<\/p>\n<div class=\"code-block code-block-5\" style=\"margin: 8px auto; text-align: center; display: block; clear: both;\">\n<!--banner poslije 20 redova teksta (ili dva paragrafa)--><\/p>\n<div id=\"intext\">\n  <script>\n    googletag.cmd.push(function() { googletag.display('intext'); });\n  <\/script>\n<\/div>\n<\/div>\n<p>U me\u0111uvremenu je SDA pokrenula inicijativu za smjenu ministra vanjskih poslova u Vije\u0107u ministara Elemedina Konakovi\u0107a koji je i lider stranke Narod i pravda.<\/p>\n<\/p><\/div>\n<p><a href=\"https:\/\/www.fokus.ba\/vijesti\/bih\/sastaju-se-covic-i-dodik-u-mostaru\/3407864\/?utm_source=rss&#038;utm_medium=rss&#038;utm_campaign=sastaju-se-covic-i-dodik-u-mostaru\">Fokus.ba <\/a><\/p>\n","protected":false},"excerpt":{"rendered":"<p>Predsjednik SNSD-a Milorad Dodik i lider HDZ-a BiH Dragan \u010covi\u0107 sastat \u0107e se danas u Mostaru, potvr\u0111eno je Srni. Dodik i \u010covi\u0107 razgovarat \u0107e o aktuelnoj politi\u010dkoj situaciji i djelovanju ovih stranaka na nivou BiH. Podsje\u0107amo, \u201cTrojka\u201d koja je s SNSD-om i HDZ-om formirale vlast na dr\u017eavnom nivou, krajem pro\u0161le sedmice saop\u0161tile su da raskidaju [&hellip;]<\/p>\n","protected":false},"author":1,"featured_media":0,"comment_status":"open","ping_status":"open","sticky":false,"template":"","format":"standard","meta":{"_siteseo_robots_primary_cat":"","footnotes":""},"categories":[],"tags":[],"class_list":["post-29819","post","type-post","status-publish","format-standard"],"_links":{"self":[{"href":"https:\/\/modusportal.ba\/mojevijesti\/wp-json\/wp\/v2\/posts\/29819","targetHints":{"allow":["GET"]}}],"collection":[{"href":"https:\/\/modusportal.ba\/mojevijesti\/wp-json\/wp\/v2\/posts"}],"about":[{"href":"https:\/\/modusportal.ba\/mojevijesti\/wp-json\/wp\/v2\/types\/post"}],"author":[{"embeddable":true,"href":"https:\/\/modusportal.ba\/mojevijesti\/wp-json\/wp\/v2\/users\/1"}],"replies":[{"embeddable":true,"href":"https:\/\/modusportal.ba\/mojevijesti\/wp-json\/wp\/v2\/comments?post=29819"}],"version-history":[{"count":0,"href":"https:\/\/modusportal.ba\/mojevijesti\/wp-json\/wp\/v2\/posts\/29819\/revisions"}],"wp:attachment":[{"href":"https:\/\/modusportal.ba\/mojevijesti\/wp-json\/wp\/v2\/media?parent=29819"}],"wp:term":[{"taxonomy":"category","embeddable":true,"href":"https:\/\/modusportal.ba\/mojevijesti\/wp-json\/wp\/v2\/categories?post=29819"},{"taxonomy":"post_tag","embeddable":true,"href":"https:\/\/modusportal.ba\/mojevijesti\/wp-json\/wp\/v2\/tags?post=29819"}],"curies":[{"name":"wp","href":"https:\/\/api.w.org\/{rel}","templated":true}]}}