{"id":29822,"date":"2025-01-29T04:04:11","date_gmt":"2025-01-29T04:04:11","guid":{"rendered":"https:\/\/modusportal.ba\/mojevijesti\/2025\/01\/29\/ustavni-sud-bih-schmidtovi-amandmani-na-ustav-fbih-krse-prava-ostalih\/"},"modified":"2025-01-29T04:04:11","modified_gmt":"2025-01-29T04:04:11","slug":"ustavni-sud-bih-schmidtovi-amandmani-na-ustav-fbih-krse-prava-ostalih","status":"publish","type":"post","link":"https:\/\/modusportal.ba\/mojevijesti\/2025\/01\/29\/ustavni-sud-bih-schmidtovi-amandmani-na-ustav-fbih-krse-prava-ostalih\/","title":{"rendered":"Ustavni sud BiH: Schmidtovi amandmani na Ustav FBiH kr\u0161e prava Ostalih"},"content":{"rendered":"<p><\/p>\n<div class=\"_content\">\n<p>Ustavni sud BiH je na 153. plenarnoj sjednici zaklju\u010dio da postoji kr\u0161enje prava na nediskriminaciju jer je onemogu\u0107eno delegatima u Domu naroda Parlamenta FBiH da predla\u017eu kandidate za predsjednika i dopredsjednike Federacije BiH iz reda Ostalih.<\/p>\n<p>To je zaklju\u010dio Ustavni sud BiH u predmetu \u201cAlbin Zuhri\u0107 i drugi\u201d \u010dime je osporeno rje\u0161enje Suda Bosne i Hercegovine od 8. februara 2023. godine.<\/p>\n<p>Rije\u010d je o amandmanima na Ustav FBiH i Izborni zakon BiH koje je 2. oktobra 2022. godine nametnuo visoki predstavnik Christian Schmidt.<\/p>\n<p>\u201cUstavni sud BiH zaklju\u010duje da postoji kr\u0161enje prava na nediskriminaciju iz \u010dlanka 1. Protokola broj 12 uz Europsku konvenciju zbog toga \u0161to je u postupku za kandidiranje predsjednika i dopredsjednika Federacije BiH, kona\u010dnim rje\u0161enjima Suda Bosne i Hercegovine, koja su donesena na temelju odredbi \u010dlanka IV.B.2 Ustava FBiH i \u010dl. 9.13-9.15. Izbornog zakona prvoapelantima kao delegatima u Domu naroda FBiH onemogu\u0107eno da predla\u017eu kandidate za predsjednika i dopredsjednike Federacije BiH iz reda Ostalih, a drugoapelantu kao pripadniku skupine ostalih onemogu\u0107eno da bude kandidat za predsjednika i dopredsjednike Federacije BiH\u201d, navedeno je u zaklju\u010dku.<\/p>\n<div class=\"code-block code-block-5\" style=\"margin: 8px auto; text-align: center; display: block; clear: both;\">\n<!--banner poslije 20 redova teksta (ili dva paragrafa)--><\/p>\n<div id=\"intext\">\n  <script>\n    googletag.cmd.push(function() { googletag.display('intext'); });\n  <\/script>\n<\/div>\n<\/div><\/div>\n<p><a href=\"https:\/\/www.fokus.ba\/vijesti\/bih\/ustavni-sud-bih-schmidtovi-amandmani-na-ustav-fbih-krse-prava-ostalih\/3408292\/?utm_source=rss&#038;utm_medium=rss&#038;utm_campaign=ustavni-sud-bih-schmidtovi-amandmani-na-ustav-fbih-krse-prava-ostalih\">Fokus.ba <\/a><\/p>\n","protected":false},"excerpt":{"rendered":"<p>Ustavni sud BiH je na 153. plenarnoj sjednici zaklju\u010dio da postoji kr\u0161enje prava na nediskriminaciju jer je onemogu\u0107eno delegatima u Domu naroda Parlamenta FBiH da predla\u017eu kandidate za predsjednika i dopredsjednike Federacije BiH iz reda Ostalih. To je zaklju\u010dio Ustavni sud BiH u predmetu \u201cAlbin Zuhri\u0107 i drugi\u201d \u010dime je osporeno rje\u0161enje Suda Bosne i [&hellip;]<\/p>\n","protected":false},"author":1,"featured_media":0,"comment_status":"open","ping_status":"open","sticky":false,"template":"","format":"standard","meta":{"_siteseo_robots_primary_cat":"","footnotes":""},"categories":[],"tags":[],"class_list":["post-29822","post","type-post","status-publish","format-standard"],"_links":{"self":[{"href":"https:\/\/modusportal.ba\/mojevijesti\/wp-json\/wp\/v2\/posts\/29822","targetHints":{"allow":["GET"]}}],"collection":[{"href":"https:\/\/modusportal.ba\/mojevijesti\/wp-json\/wp\/v2\/posts"}],"about":[{"href":"https:\/\/modusportal.ba\/mojevijesti\/wp-json\/wp\/v2\/types\/post"}],"author":[{"embeddable":true,"href":"https:\/\/modusportal.ba\/mojevijesti\/wp-json\/wp\/v2\/users\/1"}],"replies":[{"embeddable":true,"href":"https:\/\/modusportal.ba\/mojevijesti\/wp-json\/wp\/v2\/comments?post=29822"}],"version-history":[{"count":0,"href":"https:\/\/modusportal.ba\/mojevijesti\/wp-json\/wp\/v2\/posts\/29822\/revisions"}],"wp:attachment":[{"href":"https:\/\/modusportal.ba\/mojevijesti\/wp-json\/wp\/v2\/media?parent=29822"}],"wp:term":[{"taxonomy":"category","embeddable":true,"href":"https:\/\/modusportal.ba\/mojevijesti\/wp-json\/wp\/v2\/categories?post=29822"},{"taxonomy":"post_tag","embeddable":true,"href":"https:\/\/modusportal.ba\/mojevijesti\/wp-json\/wp\/v2\/tags?post=29822"}],"curies":[{"name":"wp","href":"https:\/\/api.w.org\/{rel}","templated":true}]}}