{"id":29826,"date":"2025-01-30T05:43:20","date_gmt":"2025-01-30T05:43:20","guid":{"rendered":"https:\/\/modusportal.ba\/mojevijesti\/2025\/01\/30\/niksic-otkrio-kada-bi-moglo-doci-do-smanjenja-doprinosa-na-plate\/"},"modified":"2025-01-30T05:43:20","modified_gmt":"2025-01-30T05:43:20","slug":"niksic-otkrio-kada-bi-moglo-doci-do-smanjenja-doprinosa-na-plate","status":"publish","type":"post","link":"https:\/\/modusportal.ba\/mojevijesti\/2025\/01\/30\/niksic-otkrio-kada-bi-moglo-doci-do-smanjenja-doprinosa-na-plate\/","title":{"rendered":"Nik\u0161i\u0107 otkrio kada bi moglo do\u0107i do smanjenja doprinosa na plate"},"content":{"rendered":"<p><\/p>\n<div class=\"_content\">\n<p>Ovo \u0161to se desilo sa minimalnom platom nisu fiskalne reforme. To su fiskalne intervencije i priprema za fiskalnu reformu gdje \u017eelimo prvi korak fiskalne reforme da se vidi 1. jula ove godine smanjivanjem doprinosa na plate, kazao je za BHRT predsjednik Vlade Federacije BiH Nermin Nik\u0161i\u0107.<\/p>\n<p>\u201cJu\u010dera\u0161nje diskusije i amandmani koji su ulo\u017eeni govore o tome da je Bud\u017eet Federacije BiH zaista kvalitetno pripremljen. U bud\u017eetu su sadr\u017eane sve one komponente koje su va\u017ene. Po\u0161to se i bud\u017eet pove\u0107ava, sve one bitne stavke su ili zadr\u017eane ili pove\u0107ane\u201d, izjavio je Nik\u0161i\u0107 u Dnevniku 2 BHT1, komentari\u0161u\u0107i Prijedlog bud\u017eeta FBiH za 2025. godinu, koji je danas usvojen u Predstavni\u010dkom domu Parlamenta FBiH.<\/p>\n<p>\u201cPro\u0161le godine smo bili optu\u017eivani kako smo zadu\u017eivali Federaciju, kako smo nas doveli u neko du\u017eni\u010dko ropstvo, a mi smo zavr\u0161ili godinu bez rebalansa bud\u017eeta. Zavr\u0161ili smo godinu na na\u010din da smo 511 miliona dodatnih sredstava izvojili za penzijsko-invalidsko osiguranje, da smo 362 miliona servisirali obaveze JP Autoceste, da smo 37 miliona dodatno dali za jednokratnu pomo\u0107 penuzionerima, \u0161to je gotovo milijarda sredstava koja nisu bila planirana u bud\u017eetu kao rashodovna strana, a realizirali smo i, ponavljam, smanjili javni dug Federacije BiH za nekih 500 miliona\u201d, naglasio je Nik\u0161i\u0107.<\/p>\n<p>Premijer Nik\u0161i\u0107 isti\u010de da je pobornik da penzije u Federaciji BiH budu mnogo ve\u0107e nego \u0161to su trenutno, ali kako ka\u017ee, \u201cprije nego \u0161to do\u0111emo do toga moramo preduzeti neke korake i mjere\u201d.<\/p>\n<div class=\"code-block code-block-5\" style=\"margin: 8px auto; text-align: center; display: block; clear: both;\">\n<!--banner poslije 20 redova teksta (ili dva paragrafa)--><\/p>\n<div id=\"intext\">\n  <script>\n    googletag.cmd.push(function() { googletag.display('intext'); });\n  <\/script>\n<\/div>\n<\/div>\n<p>\u201cNaravno da \u0107emo u\u010diniti sve \u0161to mo\u017eemo da i na\u0161i penzioneri osjete taj boljitak i popravak stanja\u201d, poru\u010dio je Nik\u0161i\u0107.<\/p>\n<p>Premijer Nik\u0161i\u0107 podsje\u0107a da se radi o Prijedlogu bud\u017eeta Federacije BiH u rekordnom iznosu od 8,25 milijardi KM.<\/p>\n<p>\u201cMi i ove godine imamo gotovo milijardu i 300 miliona povrat duga u ovih 8 milijardi i 200 miliona, tako da smatramo da smo napravili jedan realan bud\u017eet kroz sve \u0161to smo pripremili i kao prihodovnu i kao rashodovnu stranu i siguran sam da \u0107emo i ove godine doma\u0107inski poslovati kada je u pitanju Federacija BiH i na kraju godine jo\u0161 dodatno smanjiti dug Federacije BiH\u201d, kazao je Nik\u0161i\u0107.<\/p>\n<p>\u201cOvo \u0161to se desilo sa minimalnom platom, ovo \u0161to govorimo o Zakonu o fiskalizaciji u Federaciji BiH nisu fiskalne reforme. To su, kako je to nazvao ministar finansija, fiskalne intervencije i priprema za fiskalnu reformu gdje \u017eelimo prvi korak fiskalne reforme da se vidi 1.7. ove godine smanjivanjem doprinosa na plate i da u sljede\u0107u godinu u\u0111emo sa kona\u010dnom finansijskom reformom, potpunim smanjenjem doprinosa na neku prihvatljivu stopu i za poslodavce, popravljanju rejtinga radnika, utvr\u0111ivanje jo\u0161 ve\u0107e minimalne plate, stvaranje pretpostavki da usvojimo Zakon o porezu na dohodak i naravno da pratimo \u0161ta \u0107e se de\u0161avati i kroz Zakon o oporezivanju dividende i Zakonu o porezu na dobit\u201d, najavio je premijer Nik\u0161i\u0107.<\/p>\n<p>U razgovoru za BHRT, Nik\u0161i\u0107 je komentarisao odluku Vlade Federacije BiH o iznosu minimalne plate i odgovorio na optu\u017ebe da \u0107e se, kroz pove\u0107anje minimalne plate i rastom tereta privrednicima i obrtnicima, zapravo puniti bud\u017eet Federacije.<\/p>\n<p>\u201cNiti je to ta\u010dno niti je to bila intencija Vlade. Nakon tog prvog udara i prozivanja ad hoc, na kraju vidite da je prestala u javnosti ta pri\u010da jer smo mi to vrlo jasno demaskirali i demantirali. Nijedna konvertibilna marka u federalni bud\u017eet ne\u0107e do\u0107i da bi se mogla bilo gdje u javnu potro\u0161nju dati. Sav novac koji dolazi u federalni bud\u017eet, a bi\u0107e to negdje oko 200 i ne\u0161to miliona KM, ima svoje ime i prezime i odnosi se na penzijsko-invalidsko osiguranje i mo\u017ee i\u0107i samo za popravljanje standarda i isplatu penzija\u201d, kategori\u010dan je Nik\u0161i\u0107.<\/p>\n<figure class=\"wp-block-embed is-type-video is-provider-youtube wp-block-embed-youtube wp-embed-aspect-16-9 wp-has-aspect-ratio\">\n<div class=\"wp-block-embed__wrapper\">\n<iframe loading=\"lazy\" title=\"Gost Dnevnika 2 bio je Nermin Nik\u0161i\u0107, predsjednik Vlade FBiH\" width=\"1170\" height=\"658\" src=\"https:\/\/www.youtube.com\/embed\/78-69CoQEag?feature=oembed\" frameborder=\"0\" allow=\"accelerometer; autoplay; clipboard-write; encrypted-media; gyroscope; picture-in-picture; web-share\" referrerpolicy=\"strict-origin-when-cross-origin\" allowfullscreen><\/iframe>\n<\/div>\n<\/figure><\/div>\n<p><a href=\"https:\/\/www.fokus.ba\/vijesti\/bih\/niksic-otkrio-kada-bi-moglo-doci-do-smanjenja-doprinosa-na-plate\/3409025\/?utm_source=rss&#038;utm_medium=rss&#038;utm_campaign=niksic-otkrio-kada-bi-moglo-doci-do-smanjenja-doprinosa-na-plate\">Fokus.ba <\/a><\/p>\n","protected":false},"excerpt":{"rendered":"<p>Ovo \u0161to se desilo sa minimalnom platom nisu fiskalne reforme. To su fiskalne intervencije i priprema za fiskalnu reformu gdje \u017eelimo prvi korak fiskalne reforme da se vidi 1. jula ove godine smanjivanjem doprinosa na plate, kazao je za BHRT predsjednik Vlade Federacije BiH Nermin Nik\u0161i\u0107. \u201cJu\u010dera\u0161nje diskusije i amandmani koji su ulo\u017eeni govore o [&hellip;]<\/p>\n","protected":false},"author":1,"featured_media":0,"comment_status":"open","ping_status":"open","sticky":false,"template":"","format":"standard","meta":{"_siteseo_robots_primary_cat":"","footnotes":""},"categories":[],"tags":[],"class_list":["post-29826","post","type-post","status-publish","format-standard"],"_links":{"self":[{"href":"https:\/\/modusportal.ba\/mojevijesti\/wp-json\/wp\/v2\/posts\/29826","targetHints":{"allow":["GET"]}}],"collection":[{"href":"https:\/\/modusportal.ba\/mojevijesti\/wp-json\/wp\/v2\/posts"}],"about":[{"href":"https:\/\/modusportal.ba\/mojevijesti\/wp-json\/wp\/v2\/types\/post"}],"author":[{"embeddable":true,"href":"https:\/\/modusportal.ba\/mojevijesti\/wp-json\/wp\/v2\/users\/1"}],"replies":[{"embeddable":true,"href":"https:\/\/modusportal.ba\/mojevijesti\/wp-json\/wp\/v2\/comments?post=29826"}],"version-history":[{"count":0,"href":"https:\/\/modusportal.ba\/mojevijesti\/wp-json\/wp\/v2\/posts\/29826\/revisions"}],"wp:attachment":[{"href":"https:\/\/modusportal.ba\/mojevijesti\/wp-json\/wp\/v2\/media?parent=29826"}],"wp:term":[{"taxonomy":"category","embeddable":true,"href":"https:\/\/modusportal.ba\/mojevijesti\/wp-json\/wp\/v2\/categories?post=29826"},{"taxonomy":"post_tag","embeddable":true,"href":"https:\/\/modusportal.ba\/mojevijesti\/wp-json\/wp\/v2\/tags?post=29826"}],"curies":[{"name":"wp","href":"https:\/\/api.w.org\/{rel}","templated":true}]}}