{"id":29827,"date":"2025-01-30T12:06:00","date_gmt":"2025-01-30T12:06:00","guid":{"rendered":"https:\/\/modusportal.ba\/mojevijesti\/2025\/01\/30\/odredene-i-produzene-mjere-zabrane-prevljaku-i-ostalim-optuzenim-za-zlocine-u-hrasnici\/"},"modified":"2025-01-30T12:06:00","modified_gmt":"2025-01-30T12:06:00","slug":"odredene-i-produzene-mjere-zabrane-prevljaku-i-ostalim-optuzenim-za-zlocine-u-hrasnici","status":"publish","type":"post","link":"https:\/\/modusportal.ba\/mojevijesti\/2025\/01\/30\/odredene-i-produzene-mjere-zabrane-prevljaku-i-ostalim-optuzenim-za-zlocine-u-hrasnici\/","title":{"rendered":"Odre\u0111ene i produ\u017eene mjere zabrane Prevljaku i ostalim optu\u017eenim za zlo\u010dine u Hrasnici"},"content":{"rendered":"<p><\/p>\n<div class=\"_content\">\n<p>Sud Bosne i Hercegovine odredio je i produ\u017eio mjere zabrane optu\u017eenima za zlo\u010dine na podru\u010dju ilid\u017eanskih naselja Hrasnica, Sokolovi\u0107-Kolonija i Butmir, potvr\u0111eno je iz Suda za Detektor.<\/p>\n<p>Enesu Zukanovi\u0107u, Emiru Red\u017eovi\u0107u, Vahidu Ala\u0111uzu, Rasimu Okeri\u0107u, Mustafi Gegaju, Muji Vatre\u0161u, Vahidu Muharemovi\u0107u, Mirsadu Tuzlaku i Senahidu Godinjaku odre\u0111ene su mjere zabrana sastajanja s odre\u0111enim osobama.<\/p>\n<p>Fikretu Prevljaku produ\u017eene su mjere zabrane putovanja, zabrana sastajanja s odre\u0111enim osobama, te mjera obaveznog povremenog javljanja dr\u017eavnom organu.<\/p>\n<p>\u201cMjere zabrane odre\u0111ene\/produ\u017eene ovim rje\u0161enjem \u0107e trajati dok za istima postoji potreba ili do druga\u010dije odluke Suda\u201d, navode iz Dr\u017eavnog suda i dodaju da \u0107e se kontrola neophodnosti njihove daljnje primjene vr\u0161iti u skladu sa zakonom.<\/p>\n<div class=\"code-block code-block-5\" style=\"margin: 8px auto; text-align: center; display: block; clear: both;\">\n<!--banner poslije 20 redova teksta (ili dva paragrafa)--><\/p>\n<div id=\"intext\">\n  <script>\n    googletag.cmd.push(function() { googletag.display('intext'); });\n  <\/script>\n<\/div>\n<\/div>\n<p>Detektor je ranije pisao da je Tu\u017eila\u0161tvo BiH zatra\u017eilo odre\u0111ivanje i produ\u017eenje mjera zabrane optu\u017eenima za zlo\u010dine na podru\u010dju ilid\u017eanskih naselja, dok je stav Odbrana bio da se prijedlog odbije kao neosnovan.<\/p>\n<p>Optu\u017eenima se stavlja na teret da su u svojstvu pripadnika Armije Republike Bosne i Hercegovine po\u010dinili ratne zlo\u010dine nad oko stotinu civila srpske nacionalnosti, me\u0111u kojima je bilo \u017eena, starih osoba i maloljetnika, a koji su bili nezakonito zato\u010deni u logorima i objektima za zato\u010denje na podru\u010dju Hrasnice, kao i zlo\u010dine nad zarobljenicima srpske nacionalnosti koji su odvo\u0111eni na prisilne radove u zoni ratnih dejstava, gdje su bili izlo\u017eeni ranjavanju i povredama sa smrtnim posljedicama, ili su ubijeni od stra\u017eara.<\/p>\n<\/p><\/div>\n<p><a href=\"https:\/\/www.fokus.ba\/vijesti\/bih\/odredjene-i-produzene-mjere-zabrane-prevljaku-i-ostalim-optuzenim-za-zlocine-u-hrasnici\/3409423\/?utm_source=rss&#038;utm_medium=rss&#038;utm_campaign=odredjene-i-produzene-mjere-zabrane-prevljaku-i-ostalim-optuzenim-za-zlocine-u-hrasnici\">Fokus.ba <\/a><\/p>\n","protected":false},"excerpt":{"rendered":"<p>Sud Bosne i Hercegovine odredio je i produ\u017eio mjere zabrane optu\u017eenima za zlo\u010dine na podru\u010dju ilid\u017eanskih naselja Hrasnica, Sokolovi\u0107-Kolonija i Butmir, potvr\u0111eno je iz Suda za Detektor. Enesu Zukanovi\u0107u, Emiru Red\u017eovi\u0107u, Vahidu Ala\u0111uzu, Rasimu Okeri\u0107u, Mustafi Gegaju, Muji Vatre\u0161u, Vahidu Muharemovi\u0107u, Mirsadu Tuzlaku i Senahidu Godinjaku odre\u0111ene su mjere zabrana sastajanja s odre\u0111enim osobama. Fikretu [&hellip;]<\/p>\n","protected":false},"author":1,"featured_media":0,"comment_status":"open","ping_status":"open","sticky":false,"template":"","format":"standard","meta":{"_siteseo_robots_primary_cat":"","footnotes":""},"categories":[],"tags":[],"class_list":["post-29827","post","type-post","status-publish","format-standard"],"_links":{"self":[{"href":"https:\/\/modusportal.ba\/mojevijesti\/wp-json\/wp\/v2\/posts\/29827","targetHints":{"allow":["GET"]}}],"collection":[{"href":"https:\/\/modusportal.ba\/mojevijesti\/wp-json\/wp\/v2\/posts"}],"about":[{"href":"https:\/\/modusportal.ba\/mojevijesti\/wp-json\/wp\/v2\/types\/post"}],"author":[{"embeddable":true,"href":"https:\/\/modusportal.ba\/mojevijesti\/wp-json\/wp\/v2\/users\/1"}],"replies":[{"embeddable":true,"href":"https:\/\/modusportal.ba\/mojevijesti\/wp-json\/wp\/v2\/comments?post=29827"}],"version-history":[{"count":0,"href":"https:\/\/modusportal.ba\/mojevijesti\/wp-json\/wp\/v2\/posts\/29827\/revisions"}],"wp:attachment":[{"href":"https:\/\/modusportal.ba\/mojevijesti\/wp-json\/wp\/v2\/media?parent=29827"}],"wp:term":[{"taxonomy":"category","embeddable":true,"href":"https:\/\/modusportal.ba\/mojevijesti\/wp-json\/wp\/v2\/categories?post=29827"},{"taxonomy":"post_tag","embeddable":true,"href":"https:\/\/modusportal.ba\/mojevijesti\/wp-json\/wp\/v2\/tags?post=29827"}],"curies":[{"name":"wp","href":"https:\/\/api.w.org\/{rel}","templated":true}]}}