{"id":29832,"date":"2025-01-31T20:58:23","date_gmt":"2025-01-31T20:58:23","guid":{"rendered":"https:\/\/modusportal.ba\/mojevijesti\/2025\/01\/31\/milorad-dodik-5-februara-svjedoci-u-svoju-korist-a-isti-dan-vasvija-vidovic-ce-saznati-presudu\/"},"modified":"2025-01-31T20:58:23","modified_gmt":"2025-01-31T20:58:23","slug":"milorad-dodik-5-februara-svjedoci-u-svoju-korist-a-isti-dan-vasvija-vidovic-ce-saznati-presudu","status":"publish","type":"post","link":"https:\/\/modusportal.ba\/mojevijesti\/2025\/01\/31\/milorad-dodik-5-februara-svjedoci-u-svoju-korist-a-isti-dan-vasvija-vidovic-ce-saznati-presudu\/","title":{"rendered":"Milorad Dodik 5. februara svjedo\u010di u svoju korist, a isti dan Vasvija Vidovi\u0107 \u0107e saznati presudu"},"content":{"rendered":"<p><\/p>\n<div class=\"_content\">\n<p>Sud Bosne i Hercegovine zakazao je za 5. februar izricanje prvostepene presude advokatici Vasviji Vidovi\u0107, kojoj se sudi za spre\u010davanje dokazivanja.<\/p>\n<p>Na teret joj je stavljeno da je sakrila mobilni telefon suspendovanog predsjednika Suda BiH Ranka Debevca, koji je u decembru 2023. godine bio uhap\u0161en zbog zloupotrebe polo\u017eaja.<\/p>\n<p>U ponedjeljak, 3. februara, Sud \u0107e tako\u0111er izre\u0107i prvostepenu presudu Mirzi Kapi\u0107u, optu\u017eenom za terorizam.<\/p>\n<p>Kapi\u0107 se tereti da je sredinom 2023. godine \u2013 s ciljem ozbiljnog zastra\u0161ivanja stanovni\u0161tva i destabilizacije dru\u0161tva, s njemu poznatim licima, koriste\u0107i internet aplikacije putem mobilnog telefona \u2013 dogovarao i planirao napad na d\u017eamiju \u201cBosna\u201d u Zenici, koji bi izvr\u0161io postavljanjem eksplozivne naprave.<\/p>\n<div class=\"code-block code-block-5\" style=\"margin: 8px auto; text-align: center; display: block; clear: both;\">\n<!--banner poslije 20 redova teksta (ili dva paragrafa)--><\/p>\n<div id=\"intext\">\n  <script>\n    googletag.cmd.push(function() { googletag.display('intext'); });\n  <\/script>\n<\/div>\n<\/div>\n<p>Za srijedu, 5. februara predvi\u0111eno je da predsjednik Republike Srpske Milorad Dodik svjedo\u010di u svoju korist.<\/p>\n<div class=\"featuredImage\">\n<div class=\"relative\">\n                <img loading=\"lazy\" width=\"1024\" height=\"538\" src=\"https:\/\/fokuscdn.b-cdn.net\/wp-content\/uploads\/2025\/01\/dodik-sud-bih-1024x538.webp\" class=\"attachment-large size-large\" alt=\"dodik sud bih\" decoding=\"async\" loading=\"lazy\" srcset=\"https:\/\/fokuscdn.b-cdn.net\/wp-content\/uploads\/2025\/01\/dodik-sud-bih-1024x538.webp 1024w, https:\/\/fokuscdn.b-cdn.net\/wp-content\/uploads\/2025\/01\/dodik-sud-bih-300x158.webp 300w, https:\/\/fokuscdn.b-cdn.net\/wp-content\/uploads\/2025\/01\/dodik-sud-bih-768x403.webp 768w, https:\/\/fokuscdn.b-cdn.net\/wp-content\/uploads\/2025\/01\/dodik-sud-bih-100x53.webp 100w, https:\/\/fokuscdn.b-cdn.net\/wp-content\/uploads\/2025\/01\/dodik-sud-bih-444x233.webp 444w, https:\/\/fokuscdn.b-cdn.net\/wp-content\/uploads\/2025\/01\/dodik-sud-bih-1080x567.webp 1080w, https:\/\/fokuscdn.b-cdn.net\/wp-content\/uploads\/2025\/01\/dodik-sud-bih-150x79.webp 150w, https:\/\/fokuscdn.b-cdn.net\/wp-content\/uploads\/2025\/01\/dodik-sud-bih.webp 1200w\" sizes=\"auto, (max-width: 1024px) 100vw, 1024px\"><\/p>\n<div class=\"source\">Foto: Armin Durgut\/PIXSELL<\/div>\n<\/p><\/div>\n<div class=\"caption\">Milorad Dodik ispred Suda BiH<\/div>\n<\/p><\/div>\n<p>Njemu se s Milo\u0161em Luki\u0107em, biv\u0161im v.d.direktora Slu\u017ebenog glasnika RS-a, sudi da su od 1. do 9. jula 2023. u Banjoj Luci, svjesni i znaju\u0107i da je visoki predstavnik Christian Schmidt donio odluku kojom se spre\u010dava stupanje na snagu Zakona o neprimjenjivanju odluka Ustavnog suda BiH od 1. jula iste godine, kao i odluku kojom se spre\u010dava stupanje na snagu Zakona o izmjeni Zakona o objavljivanju zakona i drugih propisa RS-a, poduzimali radnje s ciljem nastavka zakonodavnog postupka, ne primjenjuju\u0107i i ne provode\u0107i odluke visokog predstavnika.<\/p>\n<p>Idu\u0107e sedmice u Dr\u017eavnom sudu nastavit \u0107e i su\u0111enja u vi\u0161e predmeta ratnih zlo\u010dina, javlja BIRN.<\/p>\n<\/p><\/div>\n<p><a href=\"https:\/\/www.fokus.ba\/vijesti\/bih\/milorad-dodik-5-februara-svjedoci-u-svoju-korist-a-isti-dan-vasvija-vidovic-ce-saznati-presudu\/3410468\/?utm_source=rss&#038;utm_medium=rss&#038;utm_campaign=milorad-dodik-5-februara-svjedoci-u-svoju-korist-a-isti-dan-vasvija-vidovic-ce-saznati-presudu\">Fokus.ba <\/a><\/p>\n","protected":false},"excerpt":{"rendered":"<p>Sud Bosne i Hercegovine zakazao je za 5. februar izricanje prvostepene presude advokatici Vasviji Vidovi\u0107, kojoj se sudi za spre\u010davanje dokazivanja. Na teret joj je stavljeno da je sakrila mobilni telefon suspendovanog predsjednika Suda BiH Ranka Debevca, koji je u decembru 2023. godine bio uhap\u0161en zbog zloupotrebe polo\u017eaja. U ponedjeljak, 3. februara, Sud \u0107e tako\u0111er [&hellip;]<\/p>\n","protected":false},"author":1,"featured_media":0,"comment_status":"open","ping_status":"open","sticky":false,"template":"","format":"standard","meta":{"_siteseo_robots_primary_cat":"","footnotes":""},"categories":[],"tags":[],"class_list":["post-29832","post","type-post","status-publish","format-standard"],"_links":{"self":[{"href":"https:\/\/modusportal.ba\/mojevijesti\/wp-json\/wp\/v2\/posts\/29832","targetHints":{"allow":["GET"]}}],"collection":[{"href":"https:\/\/modusportal.ba\/mojevijesti\/wp-json\/wp\/v2\/posts"}],"about":[{"href":"https:\/\/modusportal.ba\/mojevijesti\/wp-json\/wp\/v2\/types\/post"}],"author":[{"embeddable":true,"href":"https:\/\/modusportal.ba\/mojevijesti\/wp-json\/wp\/v2\/users\/1"}],"replies":[{"embeddable":true,"href":"https:\/\/modusportal.ba\/mojevijesti\/wp-json\/wp\/v2\/comments?post=29832"}],"version-history":[{"count":0,"href":"https:\/\/modusportal.ba\/mojevijesti\/wp-json\/wp\/v2\/posts\/29832\/revisions"}],"wp:attachment":[{"href":"https:\/\/modusportal.ba\/mojevijesti\/wp-json\/wp\/v2\/media?parent=29832"}],"wp:term":[{"taxonomy":"category","embeddable":true,"href":"https:\/\/modusportal.ba\/mojevijesti\/wp-json\/wp\/v2\/categories?post=29832"},{"taxonomy":"post_tag","embeddable":true,"href":"https:\/\/modusportal.ba\/mojevijesti\/wp-json\/wp\/v2\/tags?post=29832"}],"curies":[{"name":"wp","href":"https:\/\/api.w.org\/{rel}","templated":true}]}}