{"id":29846,"date":"2025-02-04T13:47:16","date_gmt":"2025-02-04T13:47:16","guid":{"rendered":"https:\/\/modusportal.ba\/mojevijesti\/2025\/02\/04\/uk-nakon-pucanja-panoa-na-scc-u-trazio-sam-od-inspekcije-zatvaranje-prostora-trznog-centra\/"},"modified":"2025-02-04T13:47:16","modified_gmt":"2025-02-04T13:47:16","slug":"uk-nakon-pucanja-panoa-na-scc-u-trazio-sam-od-inspekcije-zatvaranje-prostora-trznog-centra","status":"publish","type":"post","link":"https:\/\/modusportal.ba\/mojevijesti\/2025\/02\/04\/uk-nakon-pucanja-panoa-na-scc-u-trazio-sam-od-inspekcije-zatvaranje-prostora-trznog-centra\/","title":{"rendered":"Uk nakon pucanja panoa na SCC-u: Tra\u017eio sam od inspekcije zatvaranje prostora tr\u017enog centra"},"content":{"rendered":"<p><\/p>\n<div class=\"_content\">\n<p>Nakon jo\u0161 jednog incidenta pucanja stakla na objektu SCC-a, podnio sam zahtjev nadle\u017enim inspekcijskim organima za hitno postupanje. Zatra\u017eio sam izlazak inspekcije na teren, zatvaranje dijela trotoara ispred objekta i odre\u0111ivanje roka za sanaciju \u2013 izjavio je premijer Kantona Sarajevo Nihad Uk.<\/p>\n<p>Uk je dodao da se radi o ozbiljnom sigurnosnom problemu koji ugro\u017eava gra\u0111ane, te da ne\u0107e dozvoliti da se ponavlja i da sigurnost gra\u0111ana mora biti apsolutni prioritet.<\/p>\n<p>-O\u010dekujem od vlasnika i uprave SCC-a da bez odlaganja poduzmu sve neophodne mjere kako bi se sprije\u010dili budu\u0107i incidenti. Ukoliko se to ne desi, razmotrit \u0107emo i druge zakonske korake. Gra\u0111ani Sarajeva moraju biti sigurni dok hodaju ulicama svog grada. Svaka odgovornost \u0107e biti utvr\u0111ena, a nadle\u017ene institucije \u0107e svoj posao obaviti do kraja \u2013 poru\u010dio je Uk, saop\u0107eno je iz Slu\u017ebe za protokol i press KS.<\/p>\n<\/p><\/div>\n<p><a href=\"https:\/\/www.fokus.ba\/vijesti\/bih\/uk-nakon-pucanja-panoa-na-scc-u-trazio-sam-od-inspekcije-zatvaranje-prostora-trznog-centra\/3412322\/?utm_source=rss&#038;utm_medium=rss&#038;utm_campaign=uk-nakon-pucanja-panoa-na-scc-u-trazio-sam-od-inspekcije-zatvaranje-prostora-trznog-centra\">Fokus.ba <\/a><\/p>\n","protected":false},"excerpt":{"rendered":"<p>Nakon jo\u0161 jednog incidenta pucanja stakla na objektu SCC-a, podnio sam zahtjev nadle\u017enim inspekcijskim organima za hitno postupanje. Zatra\u017eio sam izlazak inspekcije na teren, zatvaranje dijela trotoara ispred objekta i odre\u0111ivanje roka za sanaciju \u2013 izjavio je premijer Kantona Sarajevo Nihad Uk. Uk je dodao da se radi o ozbiljnom sigurnosnom problemu koji ugro\u017eava gra\u0111ane, [&hellip;]<\/p>\n","protected":false},"author":1,"featured_media":0,"comment_status":"open","ping_status":"open","sticky":false,"template":"","format":"standard","meta":{"_siteseo_robots_primary_cat":"","footnotes":""},"categories":[],"tags":[],"class_list":["post-29846","post","type-post","status-publish","format-standard"],"_links":{"self":[{"href":"https:\/\/modusportal.ba\/mojevijesti\/wp-json\/wp\/v2\/posts\/29846","targetHints":{"allow":["GET"]}}],"collection":[{"href":"https:\/\/modusportal.ba\/mojevijesti\/wp-json\/wp\/v2\/posts"}],"about":[{"href":"https:\/\/modusportal.ba\/mojevijesti\/wp-json\/wp\/v2\/types\/post"}],"author":[{"embeddable":true,"href":"https:\/\/modusportal.ba\/mojevijesti\/wp-json\/wp\/v2\/users\/1"}],"replies":[{"embeddable":true,"href":"https:\/\/modusportal.ba\/mojevijesti\/wp-json\/wp\/v2\/comments?post=29846"}],"version-history":[{"count":0,"href":"https:\/\/modusportal.ba\/mojevijesti\/wp-json\/wp\/v2\/posts\/29846\/revisions"}],"wp:attachment":[{"href":"https:\/\/modusportal.ba\/mojevijesti\/wp-json\/wp\/v2\/media?parent=29846"}],"wp:term":[{"taxonomy":"category","embeddable":true,"href":"https:\/\/modusportal.ba\/mojevijesti\/wp-json\/wp\/v2\/categories?post=29846"},{"taxonomy":"post_tag","embeddable":true,"href":"https:\/\/modusportal.ba\/mojevijesti\/wp-json\/wp\/v2\/tags?post=29846"}],"curies":[{"name":"wp","href":"https:\/\/api.w.org\/{rel}","templated":true}]}}