{"id":29847,"date":"2025-02-04T19:55:49","date_gmt":"2025-02-04T19:55:49","guid":{"rendered":"https:\/\/modusportal.ba\/mojevijesti\/2025\/02\/04\/amerika-deportuje-181-drzavljanina-bih-sest-osoba-oznaceno-kao-prioritet\/"},"modified":"2025-02-04T19:55:49","modified_gmt":"2025-02-04T19:55:49","slug":"amerika-deportuje-181-drzavljanina-bih-sest-osoba-oznaceno-kao-prioritet","status":"publish","type":"post","link":"https:\/\/modusportal.ba\/mojevijesti\/2025\/02\/04\/amerika-deportuje-181-drzavljanina-bih-sest-osoba-oznaceno-kao-prioritet\/","title":{"rendered":"Amerika deportuje 181 dr\u017eavljanina BiH, \u0161est osoba ozna\u010deno kao prioritet"},"content":{"rendered":"<p><\/p>\n<div class=\"_content\">\n<p>Ono \u0161to je najavljivao tokom cijele svoje predizborne kampanje, predsjednik Sjedinjenih Ameri\u010dkih Dr\u017eava Donald Trump polako provodi u djelo.<\/p>\n<p>Naime, administracija novog ameri\u010dkog predsjednika provodi izvr\u0161nu naredbu masovnih deportacija, koja je potpisana ve\u0107 20. januara, a kako je potvr\u0111eno Fokusu, planiran je i povratak 181 gra\u0111anina Bosne i Hercegovine koji \u017eive u ovoj zemlji.<\/p>\n<p>Posebno je u fokusu bila grupa od \u0161est osoba koji su ozna\u010deni kao prioritet, i koji \u0107e uskoro biti deportovani.<\/p>\n<p>Razlozi za deportaciju su mnogobrojni, ali naj\u010de\u0161\u0107i, barem u slu\u010daju dr\u017eavljana na\u0161e zemlje, su kriminalni dosijei i nedostatak dokumenata za dobijanje papira za ostanak u Sjedinjenim Dr\u017eavama.<\/p>\n<div class=\"code-block code-block-5\" style=\"margin: 8px auto; text-align: center; display: block; clear: both;\">\n<!--banner poslije 20 redova teksta (ili dva paragrafa)--><\/p>\n<div id=\"intext\">\n  <script>\n    googletag.cmd.push(function() { googletag.display('intext'); });\n  <\/script>\n<\/div>\n<\/div>\n<p>Treba ista\u0107i i \u010dinjenicu da je ameri\u010dka administracija zaprijetila sankcijama svim dr\u017eavama koje ne budu sara\u0111ivale u ovom procesu.<\/p>\n<p>Najbolji primjer za to jeste i slu\u010daj iz Kolumbije, \u010diji predsjednik Gustavo Petro nije \u017eelio prihvatiti avion s deportovanim migrantima.<\/p>\n<p>Tek nakon \u0161to je Trump najavio sankcije njegovoj dr\u017eavi, kolumbijski predsjednik je prihvatio migrante.<\/p>\n<\/p><\/div>\n<p><a href=\"https:\/\/www.fokus.ba\/vijesti\/bih\/amerika-deportuje-181-drzavljanina-bih-sest-osoba-oznaceno-kao-prioritet\/3412504\/?utm_source=rss&#038;utm_medium=rss&#038;utm_campaign=amerika-deportuje-181-drzavljanina-bih-sest-osoba-oznaceno-kao-prioritet\">Fokus.ba <\/a><\/p>\n","protected":false},"excerpt":{"rendered":"<p>Ono \u0161to je najavljivao tokom cijele svoje predizborne kampanje, predsjednik Sjedinjenih Ameri\u010dkih Dr\u017eava Donald Trump polako provodi u djelo. Naime, administracija novog ameri\u010dkog predsjednika provodi izvr\u0161nu naredbu masovnih deportacija, koja je potpisana ve\u0107 20. januara, a kako je potvr\u0111eno Fokusu, planiran je i povratak 181 gra\u0111anina Bosne i Hercegovine koji \u017eive u ovoj zemlji. Posebno [&hellip;]<\/p>\n","protected":false},"author":1,"featured_media":0,"comment_status":"open","ping_status":"open","sticky":false,"template":"","format":"standard","meta":{"_siteseo_robots_primary_cat":"","footnotes":""},"categories":[],"tags":[],"class_list":["post-29847","post","type-post","status-publish","format-standard"],"_links":{"self":[{"href":"https:\/\/modusportal.ba\/mojevijesti\/wp-json\/wp\/v2\/posts\/29847","targetHints":{"allow":["GET"]}}],"collection":[{"href":"https:\/\/modusportal.ba\/mojevijesti\/wp-json\/wp\/v2\/posts"}],"about":[{"href":"https:\/\/modusportal.ba\/mojevijesti\/wp-json\/wp\/v2\/types\/post"}],"author":[{"embeddable":true,"href":"https:\/\/modusportal.ba\/mojevijesti\/wp-json\/wp\/v2\/users\/1"}],"replies":[{"embeddable":true,"href":"https:\/\/modusportal.ba\/mojevijesti\/wp-json\/wp\/v2\/comments?post=29847"}],"version-history":[{"count":0,"href":"https:\/\/modusportal.ba\/mojevijesti\/wp-json\/wp\/v2\/posts\/29847\/revisions"}],"wp:attachment":[{"href":"https:\/\/modusportal.ba\/mojevijesti\/wp-json\/wp\/v2\/media?parent=29847"}],"wp:term":[{"taxonomy":"category","embeddable":true,"href":"https:\/\/modusportal.ba\/mojevijesti\/wp-json\/wp\/v2\/categories?post=29847"},{"taxonomy":"post_tag","embeddable":true,"href":"https:\/\/modusportal.ba\/mojevijesti\/wp-json\/wp\/v2\/tags?post=29847"}],"curies":[{"name":"wp","href":"https:\/\/api.w.org\/{rel}","templated":true}]}}