{"id":29848,"date":"2025-02-05T02:08:44","date_gmt":"2025-02-05T02:08:44","guid":{"rendered":"https:\/\/modusportal.ba\/mojevijesti\/2025\/02\/05\/konacno-se-mijenja-zakon-o-kontroli-cijena-iz-1995-godine-drzava-bi-intervenisala-u-vanrednim-okolnostima\/"},"modified":"2025-02-05T02:08:44","modified_gmt":"2025-02-05T02:08:44","slug":"konacno-se-mijenja-zakon-o-kontroli-cijena-iz-1995-godine-drzava-bi-intervenisala-u-vanrednim-okolnostima","status":"publish","type":"post","link":"https:\/\/modusportal.ba\/mojevijesti\/2025\/02\/05\/konacno-se-mijenja-zakon-o-kontroli-cijena-iz-1995-godine-drzava-bi-intervenisala-u-vanrednim-okolnostima\/","title":{"rendered":"Kona\u010dno se mijenja Zakon o kontroli cijena iz 1995. godine?! Dr\u017eava bi intervenisala u vanrednim okolnostima"},"content":{"rendered":"<p><\/p>\n<div class=\"_content\">\n<p>Na redovnoj sjednici Predstavni\u010dkog doma Parlamenta FBiH ve\u010deras je prihva\u0107en Nacrt zakona o kontroli cijena, koji \u0107e nakon \u0161to ga na nekoj od narednih sjednici odobri i Dom naroda, biti upu\u0107en u javnu raspravu.\u00a0<\/p>\n<p>Tokom rasprave, poslanici su ukazali da je ovo nakon 30 godina novo zakonsko rje\u0161enje s obzirom da je osnovni tekst Zakona o kontroli cijena iz 1995. godine.<\/p>\n<p>Federalni ministar trgovine Amir Hasi\u010devi\u0107 obrazlo\u017eio je da se osnovne novine ogledaju u tome da su jasnije definisane situacije u kojima dr\u017eava mo\u017ee poduzeti mjere intervencije.<\/p>\n<p>\u2013 Odredbe ovog zakona podrazumijevaju intervenciju dr\u017eave u vanrednim okolnostima, u slu\u010daju poreme\u0107aja i u slu\u010daju kada osnovni elementi tr\u017ei\u0161ne ekonomije podbace, odnosno kada ne funkcioni\u0161u vlada donosi mjere \u2013 kazao je Hasi\u010devi\u0107.<\/p>\n<div class=\"code-block code-block-5\" style=\"margin: 8px auto; text-align: center; display: block; clear: both;\">\n<!--banner poslije 20 redova teksta (ili dva paragrafa)--><\/p>\n<div id=\"intext\">\n  <script>\n    googletag.cmd.push(function() { googletag.display('intext'); });\n  <\/script>\n<\/div>\n<\/div>\n<p>Dodao je da su, izme\u0111u ostalog, dogovorili i odre\u0111ene \u201etrigere\u201c, a to je kada i u kojim situacijama se donose te mjere obzirom da to dosad nije bilo jasno precizirano.\u00a0<\/p>\n<p>-Ovdje su izme\u0111u ostalog rekli da je to pet posto porast godi\u0161nje inflacije na mjese\u010dnom nivou, tako da \u0107e se formirati i savjet za cijene koji \u0107e to pratiti, poduzimati mjere. Imali smo puno pitanja za\u0161to savjet, a to je zato \u0161to ho\u0107emo da doprinesemo demokrati\u010dnosti ovog procesa \u2013 istakao je Hasi\u010devi\u0107.<\/p>\n<p>Novo zakonsko rje\u0161enja predvi\u0111a formiranje savjeta, koji bi bio sastavljen od predstavnika vlade,\u00a0 privrednih i obrtni\u010dkih komora i organizacija civilnog dru\u0161tva, prije svega udru\u017eenja poslodavaca i potro\u0161a\u010da, koji bi trebalo da donose zajedni\u010dke mjere u vezi kontrole cijena. \u00a0<\/p>\n<p>Govore\u0107i o tim mjerama resorni ministar napominje da su prvi put one i temporalnog karaktera i u nacrtu zakona je predvi\u0111eno da mjera mo\u017ee trajati maksimalno \u0161est mjeseci, a nakon evaluiranja tih rezultata, jo\u0161 dodatnih \u0161est mjeseci i onda se mjere njeni u\u010dinci.<\/p>\n<\/p><\/div>\n<p><a href=\"https:\/\/www.fokus.ba\/vijesti\/bih\/konacno-se-mijenja-zakon-o-kontroli-cijena-iz-1995-godine-drzava-bi-intervenisala-u-vanrednim-okolnostima\/3412508\/?utm_source=rss&#038;utm_medium=rss&#038;utm_campaign=konacno-se-mijenja-zakon-o-kontroli-cijena-iz-1995-godine-drzava-bi-intervenisala-u-vanrednim-okolnostima\">Fokus.ba <\/a><\/p>\n","protected":false},"excerpt":{"rendered":"<p>Na redovnoj sjednici Predstavni\u010dkog doma Parlamenta FBiH ve\u010deras je prihva\u0107en Nacrt zakona o kontroli cijena, koji \u0107e nakon \u0161to ga na nekoj od narednih sjednici odobri i Dom naroda, biti upu\u0107en u javnu raspravu.\u00a0 Tokom rasprave, poslanici su ukazali da je ovo nakon 30 godina novo zakonsko rje\u0161enje s obzirom da je osnovni tekst Zakona [&hellip;]<\/p>\n","protected":false},"author":1,"featured_media":0,"comment_status":"open","ping_status":"open","sticky":false,"template":"","format":"standard","meta":{"_siteseo_robots_primary_cat":"","footnotes":""},"categories":[],"tags":[],"class_list":["post-29848","post","type-post","status-publish","format-standard"],"_links":{"self":[{"href":"https:\/\/modusportal.ba\/mojevijesti\/wp-json\/wp\/v2\/posts\/29848","targetHints":{"allow":["GET"]}}],"collection":[{"href":"https:\/\/modusportal.ba\/mojevijesti\/wp-json\/wp\/v2\/posts"}],"about":[{"href":"https:\/\/modusportal.ba\/mojevijesti\/wp-json\/wp\/v2\/types\/post"}],"author":[{"embeddable":true,"href":"https:\/\/modusportal.ba\/mojevijesti\/wp-json\/wp\/v2\/users\/1"}],"replies":[{"embeddable":true,"href":"https:\/\/modusportal.ba\/mojevijesti\/wp-json\/wp\/v2\/comments?post=29848"}],"version-history":[{"count":0,"href":"https:\/\/modusportal.ba\/mojevijesti\/wp-json\/wp\/v2\/posts\/29848\/revisions"}],"wp:attachment":[{"href":"https:\/\/modusportal.ba\/mojevijesti\/wp-json\/wp\/v2\/media?parent=29848"}],"wp:term":[{"taxonomy":"category","embeddable":true,"href":"https:\/\/modusportal.ba\/mojevijesti\/wp-json\/wp\/v2\/categories?post=29848"},{"taxonomy":"post_tag","embeddable":true,"href":"https:\/\/modusportal.ba\/mojevijesti\/wp-json\/wp\/v2\/tags?post=29848"}],"curies":[{"name":"wp","href":"https:\/\/api.w.org\/{rel}","templated":true}]}}