{"id":29849,"date":"2025-02-05T08:11:10","date_gmt":"2025-02-05T08:11:10","guid":{"rendered":"https:\/\/modusportal.ba\/mojevijesti\/2025\/02\/05\/danas-presuda-advokatici-vasviji-vidovic-milorad-dodik-svjedoci-u-svoju-korist\/"},"modified":"2025-02-05T08:11:10","modified_gmt":"2025-02-05T08:11:10","slug":"danas-presuda-advokatici-vasviji-vidovic-milorad-dodik-svjedoci-u-svoju-korist","status":"publish","type":"post","link":"https:\/\/modusportal.ba\/mojevijesti\/2025\/02\/05\/danas-presuda-advokatici-vasviji-vidovic-milorad-dodik-svjedoci-u-svoju-korist\/","title":{"rendered":"Danas presuda advokatici Vasviji Vidovi\u0107, Milorad Dodik svjedo\u010di u svoju korist"},"content":{"rendered":"<p><\/p>\n<div class=\"_content\">\n<p>Sud Bosne i Hercegovine zakazao je za danas, u 09.30 sati, izricanje prvostepene presude advokatici Vasviji Vidovi\u0107, kojoj se sudi za spre\u010davanje dokazivanja.<\/p>\n<p>Vidovi\u0107 je optu\u017eena za spre\u010davanje dokazivanja. Na teret joj je stavljeno da je sakrila mobilni telefon suspendovanog predsjednika Suda BiH Ranka Debevca, koji je u decembru 2023. godine bio uhap\u0161en zbog zloupotrebe polo\u017eaja.<\/p>\n<p>Za danas je zakazan i nastavak su\u0111enja predsjedniku bh. entiteta RS Miloradu Dodiku, na kojem \u0107e, kako se o\u010dekuje, svjedo\u010diti u svoju korist.<\/p>\n<p>Dodiku se s Milo\u0161em Luki\u0107em, biv\u0161im vr\u0161iocem du\u017enosti direktora Slu\u017ebenog glasnika RS-a, sudi da su od 1. do 9. jula 2023. u Banja Luci, svjesni i znaju\u0107i da je visoki predstavnik Christian Schmidt donio odluku kojom se spre\u010dava stupanje na snagu Zakona o neprimjenjivanju odluka Ustavnog suda BiH od 1. jula iste godine, kao i odluku kojom se spre\u010dava stupanje na snagu Zakona o izmjeni Zakona o objavljivanju zakona i drugih propisa RS-a, preduzimali radnje s ciljem nastavka zakonodavnog postupka, ne primjenjuju\u0107i i ne provode\u0107i odluke visokog predstavnika.<\/p>\n<div class=\"code-block code-block-5\" style=\"margin: 8px auto; text-align: center; display: block; clear: both;\">\n<!--banner poslije 20 redova teksta (ili dva paragrafa)--><\/p>\n<div id=\"intext\">\n  <script>\n    googletag.cmd.push(function() { googletag.display('intext'); });\n  <\/script>\n<\/div>\n<\/div>\n<p>Nastavak su\u0111enja Miloradu Dodiku zakazano je za 12 sati, objavljeno je slu\u017ebenoj stranici Suda BiH.<\/p>\n<\/p><\/div>\n<p><a href=\"https:\/\/www.fokus.ba\/vijesti\/bih\/danas-presuda-advokatici-vasviji-vidovic-milorad-dodik-svjedoci-u-svoju-korist\/3412612\/?utm_source=rss&#038;utm_medium=rss&#038;utm_campaign=danas-presuda-advokatici-vasviji-vidovic-milorad-dodik-svjedoci-u-svoju-korist\">Fokus.ba <\/a><\/p>\n","protected":false},"excerpt":{"rendered":"<p>Sud Bosne i Hercegovine zakazao je za danas, u 09.30 sati, izricanje prvostepene presude advokatici Vasviji Vidovi\u0107, kojoj se sudi za spre\u010davanje dokazivanja. Vidovi\u0107 je optu\u017eena za spre\u010davanje dokazivanja. Na teret joj je stavljeno da je sakrila mobilni telefon suspendovanog predsjednika Suda BiH Ranka Debevca, koji je u decembru 2023. godine bio uhap\u0161en zbog zloupotrebe [&hellip;]<\/p>\n","protected":false},"author":1,"featured_media":0,"comment_status":"open","ping_status":"open","sticky":false,"template":"","format":"standard","meta":{"_siteseo_robots_primary_cat":"","footnotes":""},"categories":[],"tags":[],"class_list":["post-29849","post","type-post","status-publish","format-standard"],"_links":{"self":[{"href":"https:\/\/modusportal.ba\/mojevijesti\/wp-json\/wp\/v2\/posts\/29849","targetHints":{"allow":["GET"]}}],"collection":[{"href":"https:\/\/modusportal.ba\/mojevijesti\/wp-json\/wp\/v2\/posts"}],"about":[{"href":"https:\/\/modusportal.ba\/mojevijesti\/wp-json\/wp\/v2\/types\/post"}],"author":[{"embeddable":true,"href":"https:\/\/modusportal.ba\/mojevijesti\/wp-json\/wp\/v2\/users\/1"}],"replies":[{"embeddable":true,"href":"https:\/\/modusportal.ba\/mojevijesti\/wp-json\/wp\/v2\/comments?post=29849"}],"version-history":[{"count":0,"href":"https:\/\/modusportal.ba\/mojevijesti\/wp-json\/wp\/v2\/posts\/29849\/revisions"}],"wp:attachment":[{"href":"https:\/\/modusportal.ba\/mojevijesti\/wp-json\/wp\/v2\/media?parent=29849"}],"wp:term":[{"taxonomy":"category","embeddable":true,"href":"https:\/\/modusportal.ba\/mojevijesti\/wp-json\/wp\/v2\/categories?post=29849"},{"taxonomy":"post_tag","embeddable":true,"href":"https:\/\/modusportal.ba\/mojevijesti\/wp-json\/wp\/v2\/tags?post=29849"}],"curies":[{"name":"wp","href":"https:\/\/api.w.org\/{rel}","templated":true}]}}