{"id":29861,"date":"2025-02-08T12:41:29","date_gmt":"2025-02-08T12:41:29","guid":{"rendered":"https:\/\/modusportal.ba\/mojevijesti\/2025\/02\/08\/dragan-covic-se-oglasio-nakon-sto-vise-od-70-delegata-nije-zeljeo-doci-na-skupstinu-hns-a\/"},"modified":"2025-02-08T12:41:29","modified_gmt":"2025-02-08T12:41:29","slug":"dragan-covic-se-oglasio-nakon-sto-vise-od-70-delegata-nije-zeljeo-doci-na-skupstinu-hns-a","status":"publish","type":"post","link":"https:\/\/modusportal.ba\/mojevijesti\/2025\/02\/08\/dragan-covic-se-oglasio-nakon-sto-vise-od-70-delegata-nije-zeljeo-doci-na-skupstinu-hns-a\/","title":{"rendered":"Dragan \u010covi\u0107 se oglasio nakon \u0161to vi\u0161e od 70 delegata nije \u017eeljeo do\u0107i na skup\u0161tinu HNS-a"},"content":{"rendered":"<p><\/p>\n<div class=\"_content\">\n<p>Predsjednik HDZ-a BiH, koji je ujedno i predsjednk HNS-a BiH, Dragan \u010covi\u0107 izvijestio je u subotu, na 12. Hrvatskom narodnom saboru Bosne i Hercegovine (HNS BiH), koji se odr\u017eava u Mostaru, o radu u posljednje dvije godine i deklaraciji koja danas treba biti usvojena, a komentirao je i izostanak nekoliko politi\u010dkih stranaka koje, kako ka\u017ee, nisu sudjelovale ni na pro\u0161lim saborima.<\/p>\n<p>Kazao je kako kolege koje su se dan ranije oglasile da ne\u0107e do\u0107i na Sabor nisu participirale ni zadnje dvije godine.<\/p>\n<p>\u2013 U prvoj ta\u010dki dnevnog reda, kada \u0107u se ja obra\u0107ati, me\u0111u ostalim naglasit \u0107u i to kako se saziva sabor, ko je \u010dlan HNS-a i kako je to dobrovoljni pristanak, a nikakva prisila. Naravno, ima onih koji rade aktivno i onih koji rade pasivno, a kolege koje su se ju\u010der oglasile da ne\u0107e do\u0107i nisu bili na saboru ni zadnje dvije godine. Po dogovoru Predsjedni\u0161tva ja sam s njima razgovarao i obe\u0107ali su, odnosno te tri stranke su se prijavile da participiraju, me\u0111utim ne\u0161to se ju\u010der dogodilo pa su odustali, ali dobro, to je njihova volja, \u017eao mi je \u0161to je to tako, ali mi \u0107emo nastaviti raditi kao i do sada \u2013 kazao je \u010covi\u0107.<\/p>\n<p>Dodao je kako su sastav i broj izaslanika otprilike isti kao i na zadnjem saboru.<\/p>\n<div class=\"code-block code-block-5\" style=\"margin: 8px auto; text-align: center; display: block; clear: both;\">\n<!--banner poslije 20 redova teksta (ili dva paragrafa)--><\/p>\n<div id=\"intext\">\n  <script>\n    googletag.cmd.push(function() { googletag.display('intext'); });\n  <\/script>\n<\/div>\n<\/div>\n<p>\u2013 Participira 12 politi\u010dkih subjekata, \u017eao mi je \u0161to nismo ba\u0161 svi, ali to je volja onih koji su tako odlu\u010dili. Ovo se moglo naslutiti i ranije. Vidjeli ste da ima aktivnosti oko smjena du\u017enosnika na nivou BiH i vidjeli ste da je dio tih ljudi i supotpisnik inicijativa za smjene, prave se neke druge koalicije, me\u0111utim ja ne bih tome davao zna\u010daj nego bih rekao da je HNS dobio na vidljivosti, pa i njihovim priop\u0107enjima ju\u010der. Mi idemo dalje raditi, \u0161tititi interes hrvatskog naroda, a moje je da s njima dalje razgovaram i da vidimo kako otkloniti te \u0161umove koje imaju u komunikaciji \u2013 kazao je \u010covi\u0107.<\/p>\n<p>Naveo je kako bi bilo mudro da su navedene stranke svoje razloge iznijeli na Predsjedni\u0161tvu ili saboru pa da se o tome raspravi.<\/p>\n<p>\u2013 Me\u0111utim, mo\u017ee i ovako, oni su to javno poslali, i to je na\u010din komuniciranja. Ve\u0107 sam kazao, dio stranaka participira vrlo pasivno oko HNS-a i to nije od danas. To je danas samo iskori\u0161teno da se po\u0161alje poruka \u0161to je, opet ka\u017eem, dalo na vidljivosti HNS-u i mislim da je \u010dak i dobro, ali svakako \u0107emo razgovarati intenzivno ovih dana \u2013 kazao je \u010covi\u0107.<\/p>\n<p>Predstavnici pet stranka HNS-a saop\u0161tili su dan ranije da ne\u0107e sudjelovati na dana\u0161njem zajedanju.<\/p>\n<p>U zajedni\u010dkome saop\u0107enju za javnost \u010delnici HDZ-a 1990 Ilija Cvitanovi\u0107, Hrvatskog nacionalnog pomaka Ivan Vukadin, HDS-a Ivo Tadi\u0107 i HSS-a Mario Karamati\u0107 najavili su kako njihovih 170 izaslanika ne\u0107e sudjelovati u radu HNS-a.<\/p>\n<\/p><\/div>\n<p><a href=\"https:\/\/www.fokus.ba\/vijesti\/bih\/dragan-covic-se-oglasio-nakon-sto-vise-od-70-delegata-nije-zeljeo-doci-na-skupstinu-hns-a\/3414440\/?utm_source=rss&#038;utm_medium=rss&#038;utm_campaign=dragan-covic-se-oglasio-nakon-sto-vise-od-70-delegata-nije-zeljeo-doci-na-skupstinu-hns-a\">Fokus.ba <\/a><\/p>\n","protected":false},"excerpt":{"rendered":"<p>Predsjednik HDZ-a BiH, koji je ujedno i predsjednk HNS-a BiH, Dragan \u010covi\u0107 izvijestio je u subotu, na 12. Hrvatskom narodnom saboru Bosne i Hercegovine (HNS BiH), koji se odr\u017eava u Mostaru, o radu u posljednje dvije godine i deklaraciji koja danas treba biti usvojena, a komentirao je i izostanak nekoliko politi\u010dkih stranaka koje, kako ka\u017ee, [&hellip;]<\/p>\n","protected":false},"author":1,"featured_media":0,"comment_status":"open","ping_status":"open","sticky":false,"template":"","format":"standard","meta":{"_siteseo_robots_primary_cat":"","footnotes":""},"categories":[],"tags":[],"class_list":["post-29861","post","type-post","status-publish","format-standard"],"_links":{"self":[{"href":"https:\/\/modusportal.ba\/mojevijesti\/wp-json\/wp\/v2\/posts\/29861","targetHints":{"allow":["GET"]}}],"collection":[{"href":"https:\/\/modusportal.ba\/mojevijesti\/wp-json\/wp\/v2\/posts"}],"about":[{"href":"https:\/\/modusportal.ba\/mojevijesti\/wp-json\/wp\/v2\/types\/post"}],"author":[{"embeddable":true,"href":"https:\/\/modusportal.ba\/mojevijesti\/wp-json\/wp\/v2\/users\/1"}],"replies":[{"embeddable":true,"href":"https:\/\/modusportal.ba\/mojevijesti\/wp-json\/wp\/v2\/comments?post=29861"}],"version-history":[{"count":0,"href":"https:\/\/modusportal.ba\/mojevijesti\/wp-json\/wp\/v2\/posts\/29861\/revisions"}],"wp:attachment":[{"href":"https:\/\/modusportal.ba\/mojevijesti\/wp-json\/wp\/v2\/media?parent=29861"}],"wp:term":[{"taxonomy":"category","embeddable":true,"href":"https:\/\/modusportal.ba\/mojevijesti\/wp-json\/wp\/v2\/categories?post=29861"},{"taxonomy":"post_tag","embeddable":true,"href":"https:\/\/modusportal.ba\/mojevijesti\/wp-json\/wp\/v2\/tags?post=29861"}],"curies":[{"name":"wp","href":"https:\/\/api.w.org\/{rel}","templated":true}]}}