{"id":29862,"date":"2025-02-08T18:45:29","date_gmt":"2025-02-08T18:45:29","guid":{"rendered":"https:\/\/modusportal.ba\/mojevijesti\/2025\/02\/08\/banjalucani-podrzali-studente-u-srbiji-izadi-na-ulicu-bolan\/"},"modified":"2025-02-08T18:45:29","modified_gmt":"2025-02-08T18:45:29","slug":"banjalucani-podrzali-studente-u-srbiji-izadi-na-ulicu-bolan","status":"publish","type":"post","link":"https:\/\/modusportal.ba\/mojevijesti\/2025\/02\/08\/banjalucani-podrzali-studente-u-srbiji-izadi-na-ulicu-bolan\/","title":{"rendered":"Banjalu\u010dani podr\u017eali studente u Srbiji: \u201cIza\u0111i na ulicu bolan\u201d"},"content":{"rendered":"<p><\/p>\n<div class=\"_content\">\n<p>Studenti Univerziteta Banja Luka i ostali gra\u0111ani okupili su se ve\u010deras u kampusu, u ovom gradu, kako bi dali podr\u0161ku studentima u Srbiji koji tra\u017ee odgovornost za smrtno stradale u Novom Sadu, u padu nadstre\u0161nice na \u017deljezni\u010dkoj stanici.<\/p>\n<p>Okupljeni su nosili transparente na kojima se solidari\u0161u sa studentima u Srbiji koji od novembra pro\u0161le godine tra\u017ee da tamo\u0161nje institucije istra\u017ee ko je sve odgovoran za gubitak 15 \u017eivota. Tako\u0111e, bili su i transparenti s porukama kojima se tra\u017ei i odgovornost za 19 smrtno stradalih u klizi\u0161tu u Jablanici, pro\u0161le godine.<\/p>\n<p>Ovo je miran i solidaran skup. Strana\u010dka, NVO, ideolo\u0161ka i politi\u010dka obilje\u017eja nisu dozvoljena na skupu \u2013 navodi se u pozivu koji je podijeljen na dru\u0161tvenim mre\u017eema u organizaciji neformalne grupe studenata.<\/p>\n<p>Okupljeni su odali i pomen \u017ertvama u Novom Sadu simboli\u010dnim petnaestominutnim \u0107utanjem i sa upaljenim blicevima na telefonima.<\/p>\n<div class=\"code-block code-block-5\" style=\"margin: 8px auto; text-align: center; display: block; clear: both;\">\n<!--banner poslije 20 redova teksta (ili dva paragrafa)--><\/p>\n<div id=\"intext\">\n  <script>\n    googletag.cmd.push(function() { googletag.display('intext'); });\n  <\/script>\n<\/div>\n<\/div>\n<p>Prvi skup podr\u0161ke u Banjoj Luci odr\u017ean je 31. januara, tako\u0111e u kampusu Univerziteta.<\/p>\n<p>Na ve\u010dera\u0161njem skupu je najavljen i skup koji organizuju studenti u Sarajevu 10. februara, na kojem \u0107e javno tra\u017eiti odgovornost za smrtno stradale u Jablanici.<\/p>\n<p>Poruke Banjalu\u010dana<\/p>\n<p>\u201cEvo, ja vas \u0161aljem kao ovce me\u0111u vukove. Budite, dakle, mudri kao zmija, bezazleni kao golubovi.\u201d<\/p>\n<p>\u201cNa ulicama Beograda i Novog Sada, ima i djece iz ovog grada\u201d,<\/p>\n<p>\u201cIza\u0111i na ulicu bolan\u201d, samo su neke od poruka koje \u0161alju Banjalu\u010dani.<\/p>\n<p>\u201cNeka \u017eivi sloboda\u201d, poru\u010deno je sa zvu\u010dnika na kraju skupa podr\u0161ke, a \u0161to su okupljeni podr\u017eali ovacijama.<\/p>\n<p><iframe loading=\"lazy\" src=\"https:\/\/www.facebook.com\/plugins\/video.php?href=https%3A%2F%2Fwww.facebook.com%2Fbanjalukavijesti%2Fvideos%2F3928098790839943%2F%3Fref%3Dembed_video&amp;show_text=0&amp;width=560\" width=\"560\" height=\"315\" style=\"border:none;overflow:hidden\" scrolling=\"no\" frameborder=\"0\" allowfullscreen=\"true\" allow=\"autoplay; clipboard-write; encrypted-media; picture-in-picture; web-share\"><\/iframe>\n                <\/div>\n<p><a href=\"https:\/\/www.fokus.ba\/vijesti\/bih\/banjalucani-podrzali-studente-u-srbiji-izadji-na-ulicu-bolan\/3414538\/?utm_source=rss&#038;utm_medium=rss&#038;utm_campaign=banjalucani-podrzali-studente-u-srbiji-izadji-na-ulicu-bolan\">Fokus.ba <\/a><\/p>\n","protected":false},"excerpt":{"rendered":"<p>Studenti Univerziteta Banja Luka i ostali gra\u0111ani okupili su se ve\u010deras u kampusu, u ovom gradu, kako bi dali podr\u0161ku studentima u Srbiji koji tra\u017ee odgovornost za smrtno stradale u Novom Sadu, u padu nadstre\u0161nice na \u017deljezni\u010dkoj stanici. Okupljeni su nosili transparente na kojima se solidari\u0161u sa studentima u Srbiji koji od novembra pro\u0161le godine [&hellip;]<\/p>\n","protected":false},"author":1,"featured_media":0,"comment_status":"open","ping_status":"open","sticky":false,"template":"","format":"standard","meta":{"_siteseo_robots_primary_cat":"","footnotes":""},"categories":[],"tags":[],"class_list":["post-29862","post","type-post","status-publish","format-standard"],"_links":{"self":[{"href":"https:\/\/modusportal.ba\/mojevijesti\/wp-json\/wp\/v2\/posts\/29862","targetHints":{"allow":["GET"]}}],"collection":[{"href":"https:\/\/modusportal.ba\/mojevijesti\/wp-json\/wp\/v2\/posts"}],"about":[{"href":"https:\/\/modusportal.ba\/mojevijesti\/wp-json\/wp\/v2\/types\/post"}],"author":[{"embeddable":true,"href":"https:\/\/modusportal.ba\/mojevijesti\/wp-json\/wp\/v2\/users\/1"}],"replies":[{"embeddable":true,"href":"https:\/\/modusportal.ba\/mojevijesti\/wp-json\/wp\/v2\/comments?post=29862"}],"version-history":[{"count":0,"href":"https:\/\/modusportal.ba\/mojevijesti\/wp-json\/wp\/v2\/posts\/29862\/revisions"}],"wp:attachment":[{"href":"https:\/\/modusportal.ba\/mojevijesti\/wp-json\/wp\/v2\/media?parent=29862"}],"wp:term":[{"taxonomy":"category","embeddable":true,"href":"https:\/\/modusportal.ba\/mojevijesti\/wp-json\/wp\/v2\/categories?post=29862"},{"taxonomy":"post_tag","embeddable":true,"href":"https:\/\/modusportal.ba\/mojevijesti\/wp-json\/wp\/v2\/tags?post=29862"}],"curies":[{"name":"wp","href":"https:\/\/api.w.org\/{rel}","templated":true}]}}