{"id":29864,"date":"2025-02-09T11:03:12","date_gmt":"2025-02-09T11:03:12","guid":{"rendered":"https:\/\/modusportal.ba\/mojevijesti\/2025\/02\/09\/stan-od-435-000-km-sabina-cudic-ulaze-u-nekretnine-kaze-da-ne-stedi\/"},"modified":"2025-02-09T11:03:12","modified_gmt":"2025-02-09T11:03:12","slug":"stan-od-435-000-km-sabina-cudic-ulaze-u-nekretnine-kaze-da-ne-stedi","status":"publish","type":"post","link":"https:\/\/modusportal.ba\/mojevijesti\/2025\/02\/09\/stan-od-435-000-km-sabina-cudic-ulaze-u-nekretnine-kaze-da-ne-stedi\/","title":{"rendered":"Stan od 435.000 KM: Sabina \u0106udi\u0107 ula\u017ee u nekretnine, ka\u017ee da ne \u0161tedi"},"content":{"rendered":"<p><\/p>\n<div class=\"_content\">\n<p>Dr\u017eavna zastupnica Sabina \u0106udi\u0107 je za dvije godine kupila stan u Sarajevu i imanje u Po\u010ditelju za ne\u0161to vi\u0161e od pola miliona maraka. Ka\u017ee da je novac za ova ulaganja obezbijedila prodajom prethodnog stana i kreditima.<\/p>\n<p>Sabina \u0106udi\u0107, zastupnica Na\u0161e stranke u Zastupni\u010dkom domu Parlamenta Bosne i Hercegovine (BiH), je polovinom 2024. godine sa bratovom suprugom kupila ku\u0107u i zemlji\u0161te u Po\u010ditelju kod \u010capljine. Imanje od 646 kvadrata su platile 200.000 KM.<\/p>\n<p>\u201eTo je, dakle, stambeni kredit, rok otplate je 10 godina. I on je kredit za suvlasni\u0161tvo u kupovini sa porodicom mog brata stare kamene ru\u0161evine u Hercegovini, odnosno ku\u0107e stare kamene koja zahtijeva restauraciju\u201d, rekla je \u0106udi\u0107 novinarki <a href=\"https:\/\/cin.ba\/imovina-politicara-zastupnica-sabina-cudic-ulaze-u-nekretnine-ne-stedi\/\" target=\"_blank\" rel=\"noreferrer noopener\">Centra za istra\u017eiva\u010dko novinarstvo<\/a> (CIN).<\/p>\n<p>Dvije godine ranije kupila je stan u sarajevskoj op\u0107ini Centar za 435.000 KM. Ka\u017ee da je nekretnina kupljena novcem od prodaje starog stana i sredstvima kredita.<\/p>\n<div class=\"code-block code-block-5\" style=\"margin: 8px auto; text-align: center; display: block; clear: both;\">\n<!--banner poslije 20 redova teksta (ili dva paragrafa)--><\/p>\n<div id=\"intext\">\n  <script>\n    googletag.cmd.push(function() { googletag.display('intext'); });\n  <\/script>\n<\/div>\n<\/div>\n<p>U imovinskom kartonu koji je 2022. godine dostavila Centralnoj izbornoj komisiji BiH navela je godi\u0161nja primanja od 40.000 KM koja je ostvarila u Federalnom parlamentu. U Dr\u017eavnom parlamentu njena mjese\u010dna plata je oko 5.700 KM. \u0106udi\u0107 u kartonima nije navodila u\u0161te\u0111evinu: \u201eNemam u\u0161te\u0111evinu, mislim, evo, najiskrenije\u201d.<\/p>\n<p>Godi\u0161nja plata supruga glumca Albana Ukaja, prema kartonu, iznosi 20.400 KM, a honorar 50.000 KM. On ima i vozilo \u201eOpel Astra\u201c 2015. godi\u0161te, vrijedno 10.000 KM.<\/p>\n<p>\u0106udi\u0107 je dvije godine zastupnica u Parlamentu Vije\u0107a Evrope. Za to nema naknadu, nego dnevnice za zasjedanja koja se odr\u017eavaju \u010detiri puta godi\u0161nje i traju po pet dana. \u201eMislim da je oko 650 KM ukupni iznos dnevnica za taj period zasjedanja.\u201d<\/p>\n<p>Sabina \u0106udi\u0107 je diplomirala politi\u010dke nauke i me\u0111unarodne odnose na \u201eTowson\u201c Univerzitetu u SAD-u, a magistrirala ljudska prava i demokratiju na Univerzitetu u Sarajevu i Univerzitetu u Bolonji. Od 2009. do 2013. radila je na Fakultetu za politi\u010dke nauke i me\u0111unarodne odnose Univerziteta Sarajevo \u201eSchool of Science and Technology\u201c kao asistentica i vi\u0161a asistentica.<\/p>\n<p>Na\u0161a stranka ju je 2012. kandidovala za na\u010delnicu Novog Sarajeva, ali na\u010delni\u010dki mandat nije osvojila. Dvije godine kasnije izabrana je za zastupnicu u Skup\u0161tini Kantona Sarajevo. Nakon toga je bila zastupnica u Predstavni\u010dkom domu Parlamenta Federacije BiH. Poslije osvajanja mandata u Parlamentu BiH postala je i zastupnica u Parlamentu Vije\u0107a Evrope. U januaru 2025. godine izabrana je za izvjestiteljicu Parlamentarne skup\u0161tine Vije\u0107a Evrope za Gruziju.<\/p>\n<p>\u010clanica je Predsjedni\u0161tva Na\u0161e stranke, a ranije je bila potpredsjednica Stranke i predsjednica Glavnog odbora.<\/p>\n<\/p><\/div>\n<p><a href=\"https:\/\/www.fokus.ba\/vijesti\/bih\/stan-od-435-000-km-sabina-cudic-ulaze-u-nekretnine-kaze-da-ne-stedi\/3414639\/?utm_source=rss&#038;utm_medium=rss&#038;utm_campaign=stan-od-435-000-km-sabina-cudic-ulaze-u-nekretnine-kaze-da-ne-stedi\">Fokus.ba <\/a><\/p>\n","protected":false},"excerpt":{"rendered":"<p>Dr\u017eavna zastupnica Sabina \u0106udi\u0107 je za dvije godine kupila stan u Sarajevu i imanje u Po\u010ditelju za ne\u0161to vi\u0161e od pola miliona maraka. Ka\u017ee da je novac za ova ulaganja obezbijedila prodajom prethodnog stana i kreditima. Sabina \u0106udi\u0107, zastupnica Na\u0161e stranke u Zastupni\u010dkom domu Parlamenta Bosne i Hercegovine (BiH), je polovinom 2024. godine sa bratovom [&hellip;]<\/p>\n","protected":false},"author":1,"featured_media":0,"comment_status":"open","ping_status":"open","sticky":false,"template":"","format":"standard","meta":{"_siteseo_robots_primary_cat":"","footnotes":""},"categories":[],"tags":[],"class_list":["post-29864","post","type-post","status-publish","format-standard"],"_links":{"self":[{"href":"https:\/\/modusportal.ba\/mojevijesti\/wp-json\/wp\/v2\/posts\/29864","targetHints":{"allow":["GET"]}}],"collection":[{"href":"https:\/\/modusportal.ba\/mojevijesti\/wp-json\/wp\/v2\/posts"}],"about":[{"href":"https:\/\/modusportal.ba\/mojevijesti\/wp-json\/wp\/v2\/types\/post"}],"author":[{"embeddable":true,"href":"https:\/\/modusportal.ba\/mojevijesti\/wp-json\/wp\/v2\/users\/1"}],"replies":[{"embeddable":true,"href":"https:\/\/modusportal.ba\/mojevijesti\/wp-json\/wp\/v2\/comments?post=29864"}],"version-history":[{"count":0,"href":"https:\/\/modusportal.ba\/mojevijesti\/wp-json\/wp\/v2\/posts\/29864\/revisions"}],"wp:attachment":[{"href":"https:\/\/modusportal.ba\/mojevijesti\/wp-json\/wp\/v2\/media?parent=29864"}],"wp:term":[{"taxonomy":"category","embeddable":true,"href":"https:\/\/modusportal.ba\/mojevijesti\/wp-json\/wp\/v2\/categories?post=29864"},{"taxonomy":"post_tag","embeddable":true,"href":"https:\/\/modusportal.ba\/mojevijesti\/wp-json\/wp\/v2\/tags?post=29864"}],"curies":[{"name":"wp","href":"https:\/\/api.w.org\/{rel}","templated":true}]}}