{"id":29870,"date":"2025-02-11T00:48:55","date_gmt":"2025-02-11T00:48:55","guid":{"rendered":"https:\/\/modusportal.ba\/mojevijesti\/2025\/02\/11\/durakovic-zajednicko-obiljezavanje-dana-drzavnosti-srbije-i-rs-je-udar-na-suverenitet-bih\/"},"modified":"2025-02-11T00:48:55","modified_gmt":"2025-02-11T00:48:55","slug":"durakovic-zajednicko-obiljezavanje-dana-drzavnosti-srbije-i-rs-je-udar-na-suverenitet-bih","status":"publish","type":"post","link":"https:\/\/modusportal.ba\/mojevijesti\/2025\/02\/11\/durakovic-zajednicko-obiljezavanje-dana-drzavnosti-srbije-i-rs-je-udar-na-suverenitet-bih\/","title":{"rendered":"Durakovi\u0107: Zajedni\u010dko obilje\u017eavanje Dana dr\u017eavnosti Srbije i RS je udar na suverenitet BiH"},"content":{"rendered":"<p><\/p>\n<div class=\"_content\">\n<p>Zajedni\u010dko obilje\u017eavanje Dana dr\u017eavnosti Republike Srbije i dana dr\u017eavnosti bh. entiteta Republike Srpske, na kojem je najavljeno i prisustvo predsjednika Srbije Aleksandra Vu\u010di\u0107a, je \u201cudar na suverenitet Bosne i Hercegovine\u201d, isti\u010de za <a href=\"https:\/\/www.slobodnaevropa.org\/a\/camil-durakovic-dodik-vucic-svesrpski-sabor-dan-drzavnosti-srbija-rs\/33309888.html\" target=\"_blank\" rel=\"noreferrer noopener\">Radio Slobodna Evropa<\/a> zamjenik predsjednika Republike Srpske, \u0106amil Durakovi\u0107.<\/p>\n<p>Na Svesrpskom saboru 8. juna pro\u0161le godine u Beogradu progla\u0161eno je da \u0107e se Dan dr\u017eavnosti Republike Srbije obilje\u017eavati i kao \u201cdan dr\u017eavnosti\u201d bh. entiteta Republika Srpska, te da \u0107e ga zajedno proslavljati.<\/p>\n<p>Republika Srpska (RS) nije dr\u017eava, ve\u0107 administrativna jedinica dr\u017eave Bosne i Hercegovine.<\/p>\n<p>Sporna rije\u010d je dr\u017eavnost i njeno pripisivanje administrativnoj jedinici unutar BiH.<\/p>\n<div class=\"code-block code-block-5\" style=\"margin: 8px auto; text-align: center; display: block; clear: both;\">\n<!--banner poslije 20 redova teksta (ili dva paragrafa)--><\/p>\n<div id=\"intext\">\n  <script>\n    googletag.cmd.push(function() { googletag.display('intext'); });\n  <\/script>\n<\/div>\n<\/div>\n<p>Usvajanje ovog dokumenta osudili su, izme\u0111u ostalih, \u010dlanovi Predsjedni\u0161tva Bosne i Hercegovine Denis Be\u0107irovi\u0107 i \u017deljko Kom\u0161i\u0107, kao i Evropska unija i Sjedinjene Ameri\u010dke Dr\u017eave.<\/p>\n<p>\u201cOvim Srbija jasno i otvoreno pokazuje teritorijalne pretenzije, dok poku\u0161ava preusmjeriti pa\u017enju i krizu na BiH, uslijed problema sa kojima se Vu\u010di\u0107 susre\u0107e posljednjih mjeseci. Vu\u010di\u0107 to radi svjesno i u dogovoru s Dodikom (Milorad Dodik, predsjednik RS-a), koji je, tako\u0111e, u velikom politi\u010dkom problemu. I time \u0161alju jasnu poruka da ne po\u0161tuju dr\u017eavu Bosnu i Hercegovinu i njen suverenitet, iako to deklarativno govore\u201d, ka\u017ee Durakovi\u0107.<\/p>\n<p>Dodaje da je proslava \u201cdiplomatski skandal\u201d, koji zahtjeva da Predsjedni\u0161tvo BiH i Ministarstvo vanjskih poslova zauzmu \u010dvrst stav i daju jasan i adekvatan odgovor, na ovaj nastavak antidr\u017eavnog djelovanja.<\/p>\n<p>\u201cDakle, to je grubo kr\u0161enje diplomatskog kodeksa i me\u0111unarodnih odnosa. To je ne\u0161to \u0161to mi iz Srbije slu\u0161amo godinama, a sve ono \u0161to se provodi na terenu i aktivno radi jeste \u010disto ru\u0161enje ustavnog poretka BiH\u201d, ka\u017ee Durakovi\u0107.<\/p>\n<p>Ameri\u010dke vlasti su navele da vlasti RS-a, predvo\u0111ene proruski orijentisanim predsjednikom ovog entiteta Miloradom Dodikom, kontinuirano potkopavaju dr\u017eavne institucije i ustavni poredak BiH.<\/p>\n<p>Dodik je skupa sa nizom svojih saradnika, pod sankcijama Sjedinjenih Dr\u017eava i Velike Britanije upravo zbog potkopavanja institucija BiH, odnosno preuzimanja dr\u017eavnih nadle\u017enosti i stvaranja paralelnih institucija u RS-u.<\/p>\n<p>Dodik je najavio niz manifestacija u Banjaluci 15. februara, te dvodnevnu posjetu Aleksandra Vu\u010di\u0107a.<\/p>\n<\/p><\/div>\n<p><a href=\"https:\/\/www.fokus.ba\/vijesti\/bih\/durakovic-zajednicko-obiljezavanje-dana-drzavnosti-srbije-i-rs-je-udar-na-suverenitet-bih\/3415228\/?utm_source=rss&#038;utm_medium=rss&#038;utm_campaign=durakovic-zajednicko-obiljezavanje-dana-drzavnosti-srbije-i-rs-je-udar-na-suverenitet-bih\">Fokus.ba <\/a><\/p>\n","protected":false},"excerpt":{"rendered":"<p>Zajedni\u010dko obilje\u017eavanje Dana dr\u017eavnosti Republike Srbije i dana dr\u017eavnosti bh. entiteta Republike Srpske, na kojem je najavljeno i prisustvo predsjednika Srbije Aleksandra Vu\u010di\u0107a, je \u201cudar na suverenitet Bosne i Hercegovine\u201d, isti\u010de za Radio Slobodna Evropa zamjenik predsjednika Republike Srpske, \u0106amil Durakovi\u0107. Na Svesrpskom saboru 8. juna pro\u0161le godine u Beogradu progla\u0161eno je da \u0107e se [&hellip;]<\/p>\n","protected":false},"author":1,"featured_media":0,"comment_status":"open","ping_status":"open","sticky":false,"template":"","format":"standard","meta":{"_siteseo_robots_primary_cat":"","footnotes":""},"categories":[],"tags":[],"class_list":["post-29870","post","type-post","status-publish","format-standard"],"_links":{"self":[{"href":"https:\/\/modusportal.ba\/mojevijesti\/wp-json\/wp\/v2\/posts\/29870","targetHints":{"allow":["GET"]}}],"collection":[{"href":"https:\/\/modusportal.ba\/mojevijesti\/wp-json\/wp\/v2\/posts"}],"about":[{"href":"https:\/\/modusportal.ba\/mojevijesti\/wp-json\/wp\/v2\/types\/post"}],"author":[{"embeddable":true,"href":"https:\/\/modusportal.ba\/mojevijesti\/wp-json\/wp\/v2\/users\/1"}],"replies":[{"embeddable":true,"href":"https:\/\/modusportal.ba\/mojevijesti\/wp-json\/wp\/v2\/comments?post=29870"}],"version-history":[{"count":0,"href":"https:\/\/modusportal.ba\/mojevijesti\/wp-json\/wp\/v2\/posts\/29870\/revisions"}],"wp:attachment":[{"href":"https:\/\/modusportal.ba\/mojevijesti\/wp-json\/wp\/v2\/media?parent=29870"}],"wp:term":[{"taxonomy":"category","embeddable":true,"href":"https:\/\/modusportal.ba\/mojevijesti\/wp-json\/wp\/v2\/categories?post=29870"},{"taxonomy":"post_tag","embeddable":true,"href":"https:\/\/modusportal.ba\/mojevijesti\/wp-json\/wp\/v2\/tags?post=29870"}],"curies":[{"name":"wp","href":"https:\/\/api.w.org\/{rel}","templated":true}]}}