{"id":29872,"date":"2025-02-11T13:08:16","date_gmt":"2025-02-11T13:08:16","guid":{"rendered":"https:\/\/modusportal.ba\/mojevijesti\/2025\/02\/11\/detalji-sa-sudenja-fikretu-hodzicu-procitana-mu-izmijenjena-optuznica\/"},"modified":"2025-02-11T13:08:16","modified_gmt":"2025-02-11T13:08:16","slug":"detalji-sa-sudenja-fikretu-hodzicu-procitana-mu-izmijenjena-optuznica","status":"publish","type":"post","link":"https:\/\/modusportal.ba\/mojevijesti\/2025\/02\/11\/detalji-sa-sudenja-fikretu-hodzicu-procitana-mu-izmijenjena-optuznica\/","title":{"rendered":"Detalji sa su\u0111enja Fikretu Hod\u017ei\u0107u: Pro\u010ditana mu izmijenjena optu\u017enica"},"content":{"rendered":"<p><\/p>\n<div class=\"_content\">\n<p>Na obnovljenom su\u0111enju Fikretu Hod\u017ei\u0107u i njegovoj firmi \u201cSrebrena malina\u201d za zloupotrebe prilikom uvoza respiratora, Tu\u017eila\u0161tvo Bosne i Hercegovine danas je izmijenilo optu\u017enicu kvalifikuju\u0107i optu\u017ebe kao produ\u017eeno krivi\u010dno djela pranja novca i zloupotreba polo\u017eaja ili ovla\u0161tenja.<\/p>\n<p>Tu\u017eilac D\u017eermin Pa\u0161i\u0107 je rekao da je optu\u017enica izmijenjena u skladu s prvostepenom presudom, javlja <a href=\"https:\/\/detektor.ba\/2025\/02\/11\/fikret-hodzic-pranje-novca-i-zloupotreba-polozaja-u-izmijenjenoj-optuznici\/\" target=\"_blank\" rel=\"noreferrer noopener\">Detektor.ba<\/a>.<\/p>\n<p>On je pro\u010ditao izmijenjenu optu\u017enicu nakon \u0161to je okon\u010dan dokazni postupak prihvatanjem izvedenih dokaza u prvostepenom postupku. Na ro\u010di\u0161tu je, po prijedlogu odbrane, izvr\u0161eno pore\u0111enje prvostepene presude, optu\u017enice i zapisnika o saslu\u0161anju Hod\u017ei\u0107a u istrazi.<\/p>\n<p>Braniteljica Mirna Avdibegovi\u0107 je analizom dokumenata nastojala da poka\u017ee da Hod\u017ei\u0107 nije bio optu\u017een za zloupotrebu polo\u017eaja za koju je progla\u0161en krivim.<\/p>\n<div class=\"code-block code-block-5\" style=\"margin: 8px auto; text-align: center; display: block; clear: both;\">\n<!--banner poslije 20 redova teksta (ili dva paragrafa)--><\/p>\n<div id=\"intext\">\n  <script>\n    googletag.cmd.push(function() { googletag.display('intext'); });\n  <\/script>\n<\/div>\n<\/div>\n<p>\u201cAko pogledamo zapisnik o ispitivanju, vidimo da nije sadr\u017eana pravna kvalifikacija, ni u \u010dinjeni\u010dnom opisu nije stavljeno\u201d, kazala je braniteljica.<\/p>\n<p>Tu\u017eilac Pa\u0161i\u0107 ostao je pri stavu da je Hod\u017ei\u0107u bilo poznato za koja se djela tereti.<\/p>\n<p>\u201cSvaka opisana radnja tada osumnji\u010denog jeste radnja odgovornog lica u pravnom licu\u2026 s ciljem pribavljanja koristi sebi ili drugome. To su obilje\u017eja krivi\u010dnog djela zloupotreba polo\u017eaja\u201d, rekao je Pa\u0161i\u0107.<\/p>\n<p>Prezentovao je dio optu\u017enice u kojem se u drugoj ta\u010dki navodi da su optu\u017eeni postupali u svojstvima opisanim u prvoj ta\u010dki, tako da je ona dio prve ta\u010dke.<\/p>\n<p>Tu\u017eilac je naveo i da sud nije vezan pravnom kvalifikacijom prilikom dono\u0161enja presude.<\/p>\n<p>Braniteljica Avdibegovi\u0107 je kazala da je argumentaciju koju je iznio tu\u017eilac cijenio Ustavni sud BiH i nije je prihvatio. Ona je rekla da Odbrana ne spori mogu\u0107nost prekvalifikacije djela, ali mora postojati mogu\u0107nost da se to predvidi.<\/p>\n<p>Optu\u017eeni Hod\u017ei\u0107 pozvao je tu\u017eioca da izbaci iz optu\u017enice dio za koji je pravosna\u017eno oslobo\u0111en i druge optu\u017eene.<\/p>\n<p>\u201cNe bi imao \u0161ta ostaviti\u201d, rekao je Hod\u017ei\u0107.<\/p>\n<p>Tu\u017eilac je na kraju pro\u010ditao izmijenjenu optu\u017enicu koja Hod\u017ei\u0107a i \u201cSrebrenu malinu\u201d tereti da su djela po\u010dinila s nekada\u0161njim premijerom Federacije Fadilom Novali\u0107em i biv\u0161im direktorom Federalne uprave civilne za\u0161tite Fahrudinom Solakom.<\/p>\n<div class=\"code-block code-block-8\" style=\"margin: 8px auto; text-align: center; display: block; clear: both;\">\n<!--banner poslije 60 redova teksta (ili \u0161est paragrafa)--><\/p>\n<div id=\"intext_3\">\n  <script>\n    googletag.cmd.push(function() { googletag.display('intext_3'); });\n  <\/script>\n<\/div>\n<\/div>\n<p>Su\u0111enje Hod\u017ei\u0107u obnovljeno je pred Apelacionim vije\u0107em nakon \u0161to je Ustavni sud ukinuo presudu kojom je osu\u0111en na pet godina zatvora za zloupotrebe prilikom nabavke respiratora 2020. godine.<\/p>\n<p>Istom presudom, Novali\u0107 je osu\u0111en na \u010detiri, a Solak na \u0161est godina zatvora, dok je biv\u0161a federalna ministrica finansija Jelka Mili\u010devi\u0107 oslobo\u0111ena optu\u017ebi za nesavjestan rad u slu\u017ebi.<\/p>\n<p>Odbrana je zatra\u017eila vrijeme da se izjasni o izmjenama optu\u017enice, a naredno ro\u010di\u0161te zakazano je za 18. februar, javlja Detektor.<\/p>\n<\/p><\/div>\n<p><a href=\"https:\/\/www.fokus.ba\/vijesti\/bih\/detalji-sa-sudjenja-fikretu-hodzicu-procitana-mu-izmijenjena-optuznica\/3415683\/?utm_source=rss&#038;utm_medium=rss&#038;utm_campaign=detalji-sa-sudjenja-fikretu-hodzicu-procitana-mu-izmijenjena-optuznica\">Fokus.ba <\/a><\/p>\n","protected":false},"excerpt":{"rendered":"<p>Na obnovljenom su\u0111enju Fikretu Hod\u017ei\u0107u i njegovoj firmi \u201cSrebrena malina\u201d za zloupotrebe prilikom uvoza respiratora, Tu\u017eila\u0161tvo Bosne i Hercegovine danas je izmijenilo optu\u017enicu kvalifikuju\u0107i optu\u017ebe kao produ\u017eeno krivi\u010dno djela pranja novca i zloupotreba polo\u017eaja ili ovla\u0161tenja. Tu\u017eilac D\u017eermin Pa\u0161i\u0107 je rekao da je optu\u017enica izmijenjena u skladu s prvostepenom presudom, javlja Detektor.ba. On je pro\u010ditao [&hellip;]<\/p>\n","protected":false},"author":1,"featured_media":0,"comment_status":"open","ping_status":"open","sticky":false,"template":"","format":"standard","meta":{"_siteseo_robots_primary_cat":"","footnotes":""},"categories":[],"tags":[],"class_list":["post-29872","post","type-post","status-publish","format-standard"],"_links":{"self":[{"href":"https:\/\/modusportal.ba\/mojevijesti\/wp-json\/wp\/v2\/posts\/29872","targetHints":{"allow":["GET"]}}],"collection":[{"href":"https:\/\/modusportal.ba\/mojevijesti\/wp-json\/wp\/v2\/posts"}],"about":[{"href":"https:\/\/modusportal.ba\/mojevijesti\/wp-json\/wp\/v2\/types\/post"}],"author":[{"embeddable":true,"href":"https:\/\/modusportal.ba\/mojevijesti\/wp-json\/wp\/v2\/users\/1"}],"replies":[{"embeddable":true,"href":"https:\/\/modusportal.ba\/mojevijesti\/wp-json\/wp\/v2\/comments?post=29872"}],"version-history":[{"count":0,"href":"https:\/\/modusportal.ba\/mojevijesti\/wp-json\/wp\/v2\/posts\/29872\/revisions"}],"wp:attachment":[{"href":"https:\/\/modusportal.ba\/mojevijesti\/wp-json\/wp\/v2\/media?parent=29872"}],"wp:term":[{"taxonomy":"category","embeddable":true,"href":"https:\/\/modusportal.ba\/mojevijesti\/wp-json\/wp\/v2\/categories?post=29872"},{"taxonomy":"post_tag","embeddable":true,"href":"https:\/\/modusportal.ba\/mojevijesti\/wp-json\/wp\/v2\/tags?post=29872"}],"curies":[{"name":"wp","href":"https:\/\/api.w.org\/{rel}","templated":true}]}}