{"id":29873,"date":"2025-02-11T19:41:16","date_gmt":"2025-02-11T19:41:16","guid":{"rendered":"https:\/\/modusportal.ba\/mojevijesti\/2025\/02\/11\/grad-gorazde-pokrece-tuzbe-zbog-neplacanja-komunalne-naknade\/"},"modified":"2025-02-11T19:41:16","modified_gmt":"2025-02-11T19:41:16","slug":"grad-gorazde-pokrece-tuzbe-zbog-neplacanja-komunalne-naknade","status":"publish","type":"post","link":"https:\/\/modusportal.ba\/mojevijesti\/2025\/02\/11\/grad-gorazde-pokrece-tuzbe-zbog-neplacanja-komunalne-naknade\/","title":{"rendered":"Grad Gora\u017ede pokre\u0107e tu\u017ebe zbog nepla\u0107anja komunalne naknade"},"content":{"rendered":"<p><\/p>\n<div class=\"_content\">\n<p>Iz Gradske uprave Gora\u017ede pozvali su gra\u0111ane, vlasnike nekretnina, da redovno izmiruju svoje obaveze po osnovu \u00a0komunalne naknade, upozoriv\u0161i ih da \u0107e u suprotnom biti suo\u010deni sa tu\u017ebama.<\/p>\n<p>Pomo\u0107nica gradona\u010delnika za urbanizam, prostorno ure\u0111enje i komunalne poslove Adisa Borovac nagla\u0161ava da su \u00a0intenzivirane aktivnosti kojim se nepla\u0107ene naknade potra\u017euju sudskim putem.<\/p>\n<p>Podsjetila je da je komunalna naknada definisana Zakonom o komunalnim djelatnostima BPK Gora\u017ede te da je \u00a0svaki vlasnik nekretnine, odnosno opremljenog\u00a0 korisnog prostora, \u00a0obavezan da je pla\u0107a.<\/p>\n<p>\u2013 Kako bi izbjegli sudske tro\u0161kove jo\u0161 jednom pozivam sve gra\u0111ane da do\u0111u i ispo\u0161tuju obavezu koja je propisana zakonom \u2013 pojasnila je Borovac.<\/p>\n<div class=\"code-block code-block-5\" style=\"margin: 8px auto; text-align: center; display: block; clear: both;\">\n<!--banner poslije 20 redova teksta (ili dva paragrafa)--><\/p>\n<div id=\"intext\">\n  <script>\n    googletag.cmd.push(function() { googletag.display('intext'); });\n  <\/script>\n<\/div>\n<\/div><\/div>\n<p><a href=\"https:\/\/www.fokus.ba\/vijesti\/bih\/grad-gorazde-pokrece-tuzbe-zbog-neplacanja-komunalne-naknade\/3415861\/?utm_source=rss&#038;utm_medium=rss&#038;utm_campaign=grad-gorazde-pokrece-tuzbe-zbog-neplacanja-komunalne-naknade\">Fokus.ba <\/a><\/p>\n","protected":false},"excerpt":{"rendered":"<p>Iz Gradske uprave Gora\u017ede pozvali su gra\u0111ane, vlasnike nekretnina, da redovno izmiruju svoje obaveze po osnovu \u00a0komunalne naknade, upozoriv\u0161i ih da \u0107e u suprotnom biti suo\u010deni sa tu\u017ebama. Pomo\u0107nica gradona\u010delnika za urbanizam, prostorno ure\u0111enje i komunalne poslove Adisa Borovac nagla\u0161ava da su \u00a0intenzivirane aktivnosti kojim se nepla\u0107ene naknade potra\u017euju sudskim putem. Podsjetila je da je [&hellip;]<\/p>\n","protected":false},"author":1,"featured_media":0,"comment_status":"open","ping_status":"open","sticky":false,"template":"","format":"standard","meta":{"_siteseo_robots_primary_cat":"","footnotes":""},"categories":[],"tags":[],"class_list":["post-29873","post","type-post","status-publish","format-standard"],"_links":{"self":[{"href":"https:\/\/modusportal.ba\/mojevijesti\/wp-json\/wp\/v2\/posts\/29873","targetHints":{"allow":["GET"]}}],"collection":[{"href":"https:\/\/modusportal.ba\/mojevijesti\/wp-json\/wp\/v2\/posts"}],"about":[{"href":"https:\/\/modusportal.ba\/mojevijesti\/wp-json\/wp\/v2\/types\/post"}],"author":[{"embeddable":true,"href":"https:\/\/modusportal.ba\/mojevijesti\/wp-json\/wp\/v2\/users\/1"}],"replies":[{"embeddable":true,"href":"https:\/\/modusportal.ba\/mojevijesti\/wp-json\/wp\/v2\/comments?post=29873"}],"version-history":[{"count":0,"href":"https:\/\/modusportal.ba\/mojevijesti\/wp-json\/wp\/v2\/posts\/29873\/revisions"}],"wp:attachment":[{"href":"https:\/\/modusportal.ba\/mojevijesti\/wp-json\/wp\/v2\/media?parent=29873"}],"wp:term":[{"taxonomy":"category","embeddable":true,"href":"https:\/\/modusportal.ba\/mojevijesti\/wp-json\/wp\/v2\/categories?post=29873"},{"taxonomy":"post_tag","embeddable":true,"href":"https:\/\/modusportal.ba\/mojevijesti\/wp-json\/wp\/v2\/tags?post=29873"}],"curies":[{"name":"wp","href":"https:\/\/api.w.org\/{rel}","templated":true}]}}