{"id":29875,"date":"2025-02-12T07:45:25","date_gmt":"2025-02-12T07:45:25","guid":{"rendered":"https:\/\/modusportal.ba\/mojevijesti\/2025\/02\/12\/vratila-se-zima-i-bice-minusa-evo-gdje-i-kada-se-u-bih-ocekuje-snijeg\/"},"modified":"2025-02-12T07:45:25","modified_gmt":"2025-02-12T07:45:25","slug":"vratila-se-zima-i-bice-minusa-evo-gdje-i-kada-se-u-bih-ocekuje-snijeg","status":"publish","type":"post","link":"https:\/\/modusportal.ba\/mojevijesti\/2025\/02\/12\/vratila-se-zima-i-bice-minusa-evo-gdje-i-kada-se-u-bih-ocekuje-snijeg\/","title":{"rendered":"Vratila se zima i bi\u0107e minusa: Evo gdje i kada se u BiH o\u010dekuje snijeg"},"content":{"rendered":"<p><\/p>\n<div class=\"_content\">\n<p>U Bosni i Hercegovini danas \u0107e biti prete\u017eno obla\u010dno vrijeme. Lokalno u nizinama mo\u017ee padati slaba ki\u0161a, koja ponegdje u Bosni mo\u017ee prelaziti u susnje\u017eicu ili snijeg. U planinskim podru\u010djima o\u010dekuje se slab snijeg.<\/p>\n<p>Puhat \u0107e slab vjetar, ju\u017enog i jugoisto\u010dnog smjera.<\/p>\n<p>Jutarnja temperatura zraka ve\u0107inom izme\u0111u -3 i 3, na jugu zemlje do 8 stepeni. Najvi\u0161a dnevna temperatura zraka izme\u0111u 3 i 8, na jugu do 12 stepeni.<\/p>\n<p>U Sarajevu \u0107e biti prete\u017eno obla\u010dno vrijeme. Tokom dana mogu\u0107a je ki\u0161a ili susnje\u017eica.<\/p>\n<div class=\"code-block code-block-5\" style=\"margin: 8px auto; text-align: center; display: block; clear: both;\">\n<!--banner poslije 20 redova teksta (ili dva paragrafa)--><\/p>\n<div id=\"intext\">\n  <script>\n    googletag.cmd.push(function() { googletag.display('intext'); });\n  <\/script>\n<\/div>\n<\/div>\n<p>Jutarnja temperatura zraka oko 2, a najvi\u0161a dnevna oko 7 stepeni, saop\u0107eno je iz Federalnog hidrometeorolo\u0161kog zavoda BiH.<\/p>\n<p>U <strong>\u010detvrtak<\/strong> u Bosni i Hercegovini umjereno do prete\u017eno obla\u010dno vrijeme. Lokalno u nizinama mo\u017ee padati slaba i povremena ki\u0161a, a na planinama slab snijeg. Vjetar slab ju\u017enog smjera.<\/p>\n<p>Jutarnja temperatura zraka ve\u0107inom izme\u0111u 1 i 6, na jugu zemlje do 10, a najvi\u0161a dnevna temperatura zraka uglavnom izme\u0111u 5 i 10, na jugu zemlje do 13 stepeni.<\/p>\n<p>U <strong>petak<\/strong> postupno naobla\u010denje i padavine. U Hercegovini ki\u0161a, a u ve\u010dernjim satima, u Bosni ki\u0161a koja \u0107e prelazit u susnje\u017eicu. U planinskim podru\u010djima sa snijegom. Temperatura zraka od 2 do 10 stepeni. Poslije podne, pad temperature zraka.<\/p>\n<p>U <strong>subotu<\/strong> umjereno do prete\u017eno obla\u010dno vrijeme. U Bosni sa susnje\u017eicom i slabim snijegom, a u Hercegovini sa ki\u0161om, a u planinskim podru\u010djima Hercegovine susnje\u017eica ili snijeg.<\/p>\n<p>Jutarnja temperatura zraka ve\u0107inom izme\u0111u -4 i 1, na jugu zemlje do 5, a najvi\u0161a dnevna temperatura zraka uglavnom izme\u0111u 2 i 6, na jugu zemlje do 10 stepeni.<\/p>\n<\/p><\/div>\n<p><a href=\"https:\/\/www.fokus.ba\/vijesti\/bih\/vratila-se-zima-i-bice-minusa-evo-gdje-i-kada-se-u-bih-ocekuje-snijeg\/3416205\/?utm_source=rss&#038;utm_medium=rss&#038;utm_campaign=vratila-se-zima-i-bice-minusa-evo-gdje-i-kada-se-u-bih-ocekuje-snijeg\">Fokus.ba <\/a><\/p>\n","protected":false},"excerpt":{"rendered":"<p>U Bosni i Hercegovini danas \u0107e biti prete\u017eno obla\u010dno vrijeme. Lokalno u nizinama mo\u017ee padati slaba ki\u0161a, koja ponegdje u Bosni mo\u017ee prelaziti u susnje\u017eicu ili snijeg. U planinskim podru\u010djima o\u010dekuje se slab snijeg. Puhat \u0107e slab vjetar, ju\u017enog i jugoisto\u010dnog smjera. Jutarnja temperatura zraka ve\u0107inom izme\u0111u -3 i 3, na jugu zemlje do 8 [&hellip;]<\/p>\n","protected":false},"author":1,"featured_media":0,"comment_status":"open","ping_status":"open","sticky":false,"template":"","format":"standard","meta":{"_siteseo_robots_primary_cat":"","footnotes":""},"categories":[],"tags":[],"class_list":["post-29875","post","type-post","status-publish","format-standard"],"_links":{"self":[{"href":"https:\/\/modusportal.ba\/mojevijesti\/wp-json\/wp\/v2\/posts\/29875","targetHints":{"allow":["GET"]}}],"collection":[{"href":"https:\/\/modusportal.ba\/mojevijesti\/wp-json\/wp\/v2\/posts"}],"about":[{"href":"https:\/\/modusportal.ba\/mojevijesti\/wp-json\/wp\/v2\/types\/post"}],"author":[{"embeddable":true,"href":"https:\/\/modusportal.ba\/mojevijesti\/wp-json\/wp\/v2\/users\/1"}],"replies":[{"embeddable":true,"href":"https:\/\/modusportal.ba\/mojevijesti\/wp-json\/wp\/v2\/comments?post=29875"}],"version-history":[{"count":0,"href":"https:\/\/modusportal.ba\/mojevijesti\/wp-json\/wp\/v2\/posts\/29875\/revisions"}],"wp:attachment":[{"href":"https:\/\/modusportal.ba\/mojevijesti\/wp-json\/wp\/v2\/media?parent=29875"}],"wp:term":[{"taxonomy":"category","embeddable":true,"href":"https:\/\/modusportal.ba\/mojevijesti\/wp-json\/wp\/v2\/categories?post=29875"},{"taxonomy":"post_tag","embeddable":true,"href":"https:\/\/modusportal.ba\/mojevijesti\/wp-json\/wp\/v2\/tags?post=29875"}],"curies":[{"name":"wp","href":"https:\/\/api.w.org\/{rel}","templated":true}]}}