{"id":29876,"date":"2025-02-12T13:46:40","date_gmt":"2025-02-12T13:46:40","guid":{"rendered":"https:\/\/modusportal.ba\/mojevijesti\/2025\/02\/12\/bosic-snsd-ovci-se-kandzama-drze-za-fotelje-pokusavaju-obnoviti-koaliciju-sa-trojkom-i-hdz-om\/"},"modified":"2025-02-12T13:46:40","modified_gmt":"2025-02-12T13:46:40","slug":"bosic-snsd-ovci-se-kandzama-drze-za-fotelje-pokusavaju-obnoviti-koaliciju-sa-trojkom-i-hdz-om","status":"publish","type":"post","link":"https:\/\/modusportal.ba\/mojevijesti\/2025\/02\/12\/bosic-snsd-ovci-se-kandzama-drze-za-fotelje-pokusavaju-obnoviti-koaliciju-sa-trojkom-i-hdz-om\/","title":{"rendered":"Bosi\u0107: SNSD-ovci se kand\u017eama dr\u017ee za fotelje, poku\u0161avaju obnoviti koaliciju sa Trojkom i HDZ-om"},"content":{"rendered":"<p><\/p>\n<div class=\"_content\">\n<p>Poslanik u Predstavni\u010dkom domu Parlamentarne skup\u0161tine Bosne i Hercegovine Mladen Bosi\u0107 (SDS) smatra da je, sude\u0107i po dana\u0161njoj sjednici tog doma, SNSD izgubio kompas, jer nisu do\u0161li na sjednicu koju su sami tra\u017eili i nisu glasali za smjenu koju su tra\u017eili.<\/p>\n<p>Bosi\u0107 to vidi kao poku\u0161aj SNSD-a da se vrati u \u201cranije dogovorene kolote\u010dine sa strankama Trojke i HDZ-a i poku\u0161aj da obnove koaliciju\u201c.<\/p>\n<p>-Evidentno je da se kand\u017eama dr\u017ee za svaku fotelju \u2013 ka\u017ee Bosi\u0107.<\/p>\n<p>Napominje da je njegova stranka glasala za smjenu ministra Konakovi\u0107a zbog njegovih izjava, za koje smatra da su namijenjene dizanju tenzija i dobijanju podr\u0161ke svog glasa\u010dkog tijela.<\/p>\n<div class=\"code-block code-block-5\" style=\"margin: 8px auto; text-align: center; display: block; clear: both;\">\n<!--banner poslije 20 redova teksta (ili dva paragrafa)--><\/p>\n<div id=\"intext\">\n  <script>\n    googletag.cmd.push(function() { googletag.display('intext'); });\n  <\/script>\n<\/div>\n<\/div>\n<p>Ocjenjuje da su SNSD-ove blokade dr\u017eavnih institucija katastrofalne i po entitet Republika Srpska.<\/p>\n<p>-To su \u0161abloni politike u BiH koji se od prije rata vrte do danas. Mi smo jo\u0161 uvijek opozicija u Parlamentu BiH, a promjena je u tome \u0161to smo odlu\u010dili da ne u\u010destvujemo u blokadama koje se evidentno de\u0161avaju. SNSD je odlu\u010dio blokirati dr\u017eavne institucije \u0161to je katastrofalno za Republiku Srpsku. To je razlog \u0161to smo glasali za ova dva zakona, a SNSD nas je zbog toga nazvao izdajnicima. Mi nismo za blokade institucija na nivou BiH \u2013 objasnio je Bosi\u0107.<\/p>\n<p>Dodao je da \u0107e u sljede\u0107em periodu razmotriti situaciju i ako SNSD kao dio skup\u0161tinske ve\u0107ine u Parlamentu BiH ne odblokira Predstavni\u010dki dom, prijedlogom svog kandidata na mjesto \u010dlana kolegija iz RS-a, razmotrit \u0107e koliko je to uslov da SDS predlo\u017ei kandidata kolegija.<\/p>\n<p>-Ko \u0107e biti kandidat tek \u0107emo vidjeti, ali na\u0161a intencija je da se deblokira rad institucije \u2013 zaklju\u010dio je Bosi\u0107.<\/p>\n<\/p><\/div>\n<p><a href=\"https:\/\/www.fokus.ba\/vijesti\/bih\/bosic-snsd-ovci-se-kandzama-drze-za-fotelje-pokusavaju-obnoviti-koaliciju-sa-trojkom-i-hdz-om\/3416719\/?utm_source=rss&#038;utm_medium=rss&#038;utm_campaign=bosic-snsd-ovci-se-kandzama-drze-za-fotelje-pokusavaju-obnoviti-koaliciju-sa-trojkom-i-hdz-om\">Fokus.ba <\/a><\/p>\n","protected":false},"excerpt":{"rendered":"<p>Poslanik u Predstavni\u010dkom domu Parlamentarne skup\u0161tine Bosne i Hercegovine Mladen Bosi\u0107 (SDS) smatra da je, sude\u0107i po dana\u0161njoj sjednici tog doma, SNSD izgubio kompas, jer nisu do\u0161li na sjednicu koju su sami tra\u017eili i nisu glasali za smjenu koju su tra\u017eili. Bosi\u0107 to vidi kao poku\u0161aj SNSD-a da se vrati u \u201cranije dogovorene kolote\u010dine sa [&hellip;]<\/p>\n","protected":false},"author":1,"featured_media":0,"comment_status":"open","ping_status":"open","sticky":false,"template":"","format":"standard","meta":{"_siteseo_robots_primary_cat":"","footnotes":""},"categories":[],"tags":[],"class_list":["post-29876","post","type-post","status-publish","format-standard"],"_links":{"self":[{"href":"https:\/\/modusportal.ba\/mojevijesti\/wp-json\/wp\/v2\/posts\/29876","targetHints":{"allow":["GET"]}}],"collection":[{"href":"https:\/\/modusportal.ba\/mojevijesti\/wp-json\/wp\/v2\/posts"}],"about":[{"href":"https:\/\/modusportal.ba\/mojevijesti\/wp-json\/wp\/v2\/types\/post"}],"author":[{"embeddable":true,"href":"https:\/\/modusportal.ba\/mojevijesti\/wp-json\/wp\/v2\/users\/1"}],"replies":[{"embeddable":true,"href":"https:\/\/modusportal.ba\/mojevijesti\/wp-json\/wp\/v2\/comments?post=29876"}],"version-history":[{"count":0,"href":"https:\/\/modusportal.ba\/mojevijesti\/wp-json\/wp\/v2\/posts\/29876\/revisions"}],"wp:attachment":[{"href":"https:\/\/modusportal.ba\/mojevijesti\/wp-json\/wp\/v2\/media?parent=29876"}],"wp:term":[{"taxonomy":"category","embeddable":true,"href":"https:\/\/modusportal.ba\/mojevijesti\/wp-json\/wp\/v2\/categories?post=29876"},{"taxonomy":"post_tag","embeddable":true,"href":"https:\/\/modusportal.ba\/mojevijesti\/wp-json\/wp\/v2\/tags?post=29876"}],"curies":[{"name":"wp","href":"https:\/\/api.w.org\/{rel}","templated":true}]}}