{"id":29879,"date":"2025-02-13T01:48:34","date_gmt":"2025-02-13T01:48:34","guid":{"rendered":"https:\/\/modusportal.ba\/mojevijesti\/2025\/02\/13\/meteorolozi-najavili-novi-snijeg-pocet-ce-u-krajini-pa-se-prosiriti-na-cijelu-bih\/"},"modified":"2025-02-13T01:48:34","modified_gmt":"2025-02-13T01:48:34","slug":"meteorolozi-najavili-novi-snijeg-pocet-ce-u-krajini-pa-se-prosiriti-na-cijelu-bih","status":"publish","type":"post","link":"https:\/\/modusportal.ba\/mojevijesti\/2025\/02\/13\/meteorolozi-najavili-novi-snijeg-pocet-ce-u-krajini-pa-se-prosiriti-na-cijelu-bih\/","title":{"rendered":"Meteorolozi najavili novi snijeg: Po\u010det \u0107e u Krajini, pa se pro\u0161iriti na cijelu BiH"},"content":{"rendered":"<p><\/p>\n<div class=\"_content\">\n<p>Danas je u Bosni i Hercegovini bilo prete\u017eno obla\u010dno vrijeme. U nizinama je padala slaba ki\u0161a, a u vi\u0161im podru\u010djima slab snijeg.<\/p>\n<p>Temperature zraka izmjerene u 13:00 sati (\u00b0C): Bjela\u0161nica -3; Srebrenica 1; Sokolac 2; Ivan Sedlo i Zvornik 3; Grada\u010dac 4; Banja Luka, Biha\u0107 i Livno 5; Drvar, Sanski Most i \u0160iroki Brijeg 7; Mostar, Sarajevo, Trebinje i Tuzla 8; Bugojno i Zenica 9; Jajce i Neum 10\u00b0C.<\/p>\n<p><strong>Sutra <\/strong>u Bosni i Hercegovini prete\u017eno obla\u010dno vrijeme. Lokalno u nizinama \u0107e padati slaba ki\u0161a, a na planinama slab snijeg. Vjetar slab do umjerene ja\u010dine ju\u017enog smjera. Najni\u017ea jutarnja temperatura zraka ve\u0107inom izme\u0111u 1 i 5\u00b0C, na jugu zemlje do 9\u00b0C. Najvi\u0161a dnevna temperatura zraka uglavnom izme\u0111u 7 i 13\u00b0C.<\/p>\n<p>U Sarajevu obla\u010dno. Povremeno mo\u017ee padati slaba ki\u0161a. Najni\u017ea jutarnja temperatura zraka oko 3\u00b0C. Najvi\u0161a dnevna temperatura zraka oko 9\u00b0C.<\/p>\n<div class=\"code-block code-block-5\" style=\"margin: 8px auto; text-align: center; display: block; clear: both;\">\n<!--banner poslije 20 redova teksta (ili dva paragrafa)--><\/p>\n<div id=\"intext\">\n  <script>\n    googletag.cmd.push(function() { googletag.display('intext'); });\n  <\/script>\n<\/div>\n<\/div>\n<p>U <strong>petak <\/strong>o\u010dekuje se ja\u010de naobla\u010denje sa sjevera koje \u0107e usloviti padavine \u0161irom zemlje i pad temperature zraka. U Bosni se ispo\u010detka o\u010dekuje ki\u0161a koja sredinom dana prvo na podru\u010dju Krajine prelazi u susnje\u017eicu i snijeg koji \u0107e se do kraja dana pro\u0161iriti \u0161irom Bosne. U Hercegovini \u0107e ve\u0107inom padati ki\u0161a, a na planinama snijeg. <\/p>\n<p>Vjetar umjerene ja\u010dine ju\u017enog smjera koji \u0107e u Bosni od sredine dana prema poslijepodnevnim satima postepeno prelaziti na sjeverni i sjeverozapadni smjer. Najni\u017ea jutarnja temperatura zraka ve\u0107inom izme\u0111u 1 i 6\u00b0C, na jugu zemlje do 10\u00b0C. Najvi\u0161a dnevna temperatura zraka uglavnom izme\u0111u 3 i 9\u00b0C, na jugu zemlje do 14\u00b0C.<\/p>\n<p>U <strong>subotu <\/strong>u Bosni i Hercegovini obla\u010dno. U Bosni prije podne ve\u0107inom sa slabim snijegom. Vi\u0161e padavina je u ranim jutarnjim satima. U drugoj polovini dana se o\u010dekuje prestanak padavina. U Hercegovini \u0107e ve\u0107inom padati ki\u0161a, a na planinama snijeg. Vjetar slab do umjerene ja\u010dine sjevernog smjera. U Hercegovini prije podne vjetar isto\u010dnog i jugoisto\u010dnog smjera. Najni\u017ea jutarnja temperatura zraka ve\u0107inom izme\u0111u -2 i 2\u00b0C, na jugu zemlje od 6 do 9\u00b0C. Najvi\u0161a dnevna temperatura zraka uglavnom izme\u0111u 0 i 4\u00b0C, na jugu zemlje od 8 do 12\u00b0C.<\/p>\n<p>U <strong>nedjelju <\/strong>razvedravanje na podru\u010dju Hercegovine i jugozapadu Bosne. U ve\u0107em dijelu Bosne zadr\u017ealo bi se obla\u010dno vrijeme. Vjetar slab sjevernog i sjeveroisto\u010dnog smjera. Najni\u017ea jutarnja temperatura zraka ve\u0107inom izme\u0111u -3 i 1\u00b0C, na jugu zemlje od 2 do 5\u00b0C. Najvi\u0161a dnevna temperatura zraka uglavnom izme\u0111u 1 i 5\u00b0C, na jugu zemlje od 9 do 13\u00b0C, stoji u prognozi Federalnog hidrometeorolo\u0161kog zavoda BIH.<\/p>\n<\/p><\/div>\n<p><a href=\"https:\/\/www.fokus.ba\/vijesti\/bih\/meteorolozi-najavili-novi-snijeg-pocet-ce-u-krajini-pa-se-prosiriti-na-cijelu-bih\/3416964\/?utm_source=rss&#038;utm_medium=rss&#038;utm_campaign=meteorolozi-najavili-novi-snijeg-pocet-ce-u-krajini-pa-se-prosiriti-na-cijelu-bih\">Fokus.ba <\/a><\/p>\n","protected":false},"excerpt":{"rendered":"<p>Danas je u Bosni i Hercegovini bilo prete\u017eno obla\u010dno vrijeme. U nizinama je padala slaba ki\u0161a, a u vi\u0161im podru\u010djima slab snijeg. Temperature zraka izmjerene u 13:00 sati (\u00b0C): Bjela\u0161nica -3; Srebrenica 1; Sokolac 2; Ivan Sedlo i Zvornik 3; Grada\u010dac 4; Banja Luka, Biha\u0107 i Livno 5; Drvar, Sanski Most i \u0160iroki Brijeg 7; [&hellip;]<\/p>\n","protected":false},"author":1,"featured_media":0,"comment_status":"open","ping_status":"open","sticky":false,"template":"","format":"standard","meta":{"_siteseo_robots_primary_cat":"","footnotes":""},"categories":[],"tags":[],"class_list":["post-29879","post","type-post","status-publish","format-standard"],"_links":{"self":[{"href":"https:\/\/modusportal.ba\/mojevijesti\/wp-json\/wp\/v2\/posts\/29879","targetHints":{"allow":["GET"]}}],"collection":[{"href":"https:\/\/modusportal.ba\/mojevijesti\/wp-json\/wp\/v2\/posts"}],"about":[{"href":"https:\/\/modusportal.ba\/mojevijesti\/wp-json\/wp\/v2\/types\/post"}],"author":[{"embeddable":true,"href":"https:\/\/modusportal.ba\/mojevijesti\/wp-json\/wp\/v2\/users\/1"}],"replies":[{"embeddable":true,"href":"https:\/\/modusportal.ba\/mojevijesti\/wp-json\/wp\/v2\/comments?post=29879"}],"version-history":[{"count":0,"href":"https:\/\/modusportal.ba\/mojevijesti\/wp-json\/wp\/v2\/posts\/29879\/revisions"}],"wp:attachment":[{"href":"https:\/\/modusportal.ba\/mojevijesti\/wp-json\/wp\/v2\/media?parent=29879"}],"wp:term":[{"taxonomy":"category","embeddable":true,"href":"https:\/\/modusportal.ba\/mojevijesti\/wp-json\/wp\/v2\/categories?post=29879"},{"taxonomy":"post_tag","embeddable":true,"href":"https:\/\/modusportal.ba\/mojevijesti\/wp-json\/wp\/v2\/tags?post=29879"}],"curies":[{"name":"wp","href":"https:\/\/api.w.org\/{rel}","templated":true}]}}