{"id":29881,"date":"2025-02-13T14:19:14","date_gmt":"2025-02-13T14:19:14","guid":{"rendered":"https:\/\/modusportal.ba\/mojevijesti\/2025\/02\/13\/sda-obiljezavanje-dana-drzavnosti-srbije-u-bih-otvorena-agresija-i-napad-vucicevog-rezima\/"},"modified":"2025-02-13T14:19:14","modified_gmt":"2025-02-13T14:19:14","slug":"sda-obiljezavanje-dana-drzavnosti-srbije-u-bih-otvorena-agresija-i-napad-vucicevog-rezima","status":"publish","type":"post","link":"https:\/\/modusportal.ba\/mojevijesti\/2025\/02\/13\/sda-obiljezavanje-dana-drzavnosti-srbije-u-bih-otvorena-agresija-i-napad-vucicevog-rezima\/","title":{"rendered":"SDA: Obilje\u017eavanje Dana dr\u017eavnosti Srbije u BiH otvorena agresija i napad Vu\u010di\u0107evog re\u017eima"},"content":{"rendered":"<p><\/p>\n<div class=\"_content\">\n<p>Obilje\u017eavanje Dana dr\u017eavnosti Srbije na teritoriji Bosne i Hercegovine, uz izmi\u0161ljanje nepostoje\u0107eg \u201cdana dr\u017eavnosti RS\u201d, izazvalo je o\u0161tre reakcije. Stranka demokratske akcije (SDA) ocijenila je ovaj \u010din kao otvorenu agresiju i najdirektniji napad re\u017eima Aleksandra Vu\u010di\u0107a na teritorijalni integritet BiH.<\/p>\n<p>SDA je u saop\u0107enju naglasila da Srbija, kao jedna od potpisnica Dejtonskog mirovnog sporazuma, uz podr\u0161ku vlasti u Republici Srpskoj, kr\u0161i me\u0111unarodne obaveze.<\/p>\n<ul>\n<li>\u201cOvaj put u svemu u\u010destvuje i li\u010dno Aleksandar Vu\u010di\u0107, koji je dosad u me\u0111unarodnoj javnosti nastojao pokazati umiveno lice, dok su njemu podre\u0111eni izvr\u0161ioci obavljali prljavi posao. Sada je i ta maska pala i ponovo je na sceni Vu\u010di\u0107 kojeg poznajemo\u201d \u2013 navode iz SDA.<\/li>\n<\/ul>\n<p>U saop\u0107enju se dalje isti\u010de da su Vu\u010di\u0107eva politika i ciljevi jasno artikulisani kroz Deklaraciju svesrpskog sabora, Memorandume SANU-a i Deklaraciju SNSD-a, koji se kontinuirano sprovode.<\/p>\n<p>SDA upozorava da \u0107e, ukoliko ne bude odlu\u010dne reakcije na ovaj \u010din, Vije\u0107e za implementaciju mira i me\u0111unarodni garanti Dejtonskog sporazuma snositi odgovornost za mogu\u0107e posljedice.<\/p>\n<div class=\"code-block code-block-5\" style=\"margin: 8px auto; text-align: center; display: block; clear: both;\">\n<!--banner poslije 20 redova teksta (ili dva paragrafa)--><\/p>\n<div id=\"intext\">\n  <script>\n    googletag.cmd.push(function() { googletag.display('intext'); });\n  <\/script>\n<\/div>\n<\/div>\n<ul>\n<li>\u201cPrije svih, moraju reagirati institucije Bosne i Hercegovine. Umjesto ispraznih izjava, iz Predsjedni\u0161tva i Ministarstva vanjskih poslova BiH ve\u0107 su morale biti upu\u0107ene zvani\u010dne protestne note te o svemu podrobno informirani Va\u0161ington, Brisel i ostali klju\u010dni me\u0111unarodni akteri. Tako\u0111er, Tu\u017eila\u0161tvo BiH mora hitno reagirati i procesuirati odgovorne za napad na ustavni poredak zemlje\u201d \u2013 stoji u saop\u0107enju.<\/li>\n<\/ul>\n<p>Situacija oko obilje\u017eavanja Dana dr\u017eavnosti Srbije u BiH dodatno poja\u010dava politi\u010dke tenzije u regiji. SDA apeluje na odlu\u010dne mjere kako bi se o\u010duvala stabilnost i integritet Bosne i Hercegovine. Ostaje da se vidi kako \u0107e doma\u0107i i me\u0111unarodni akteri reagovati na ovaj razvoj doga\u0111aja.<\/p>\n<\/p><\/div>\n<p><a href=\"https:\/\/www.fokus.ba\/vijesti\/bih\/sda-obiljezavanje-dana-drzavnosti-srbije-u-bih-otvorena-agresija-i-napad-vucicevog-rezima\/3417494\/?utm_source=rss&#038;utm_medium=rss&#038;utm_campaign=sda-obiljezavanje-dana-drzavnosti-srbije-u-bih-otvorena-agresija-i-napad-vucicevog-rezima\">Fokus.ba <\/a><\/p>\n","protected":false},"excerpt":{"rendered":"<p>Obilje\u017eavanje Dana dr\u017eavnosti Srbije na teritoriji Bosne i Hercegovine, uz izmi\u0161ljanje nepostoje\u0107eg \u201cdana dr\u017eavnosti RS\u201d, izazvalo je o\u0161tre reakcije. Stranka demokratske akcije (SDA) ocijenila je ovaj \u010din kao otvorenu agresiju i najdirektniji napad re\u017eima Aleksandra Vu\u010di\u0107a na teritorijalni integritet BiH. SDA je u saop\u0107enju naglasila da Srbija, kao jedna od potpisnica Dejtonskog mirovnog sporazuma, uz [&hellip;]<\/p>\n","protected":false},"author":1,"featured_media":0,"comment_status":"open","ping_status":"open","sticky":false,"template":"","format":"standard","meta":{"_siteseo_robots_primary_cat":"","footnotes":""},"categories":[],"tags":[],"class_list":["post-29881","post","type-post","status-publish","format-standard"],"_links":{"self":[{"href":"https:\/\/modusportal.ba\/mojevijesti\/wp-json\/wp\/v2\/posts\/29881","targetHints":{"allow":["GET"]}}],"collection":[{"href":"https:\/\/modusportal.ba\/mojevijesti\/wp-json\/wp\/v2\/posts"}],"about":[{"href":"https:\/\/modusportal.ba\/mojevijesti\/wp-json\/wp\/v2\/types\/post"}],"author":[{"embeddable":true,"href":"https:\/\/modusportal.ba\/mojevijesti\/wp-json\/wp\/v2\/users\/1"}],"replies":[{"embeddable":true,"href":"https:\/\/modusportal.ba\/mojevijesti\/wp-json\/wp\/v2\/comments?post=29881"}],"version-history":[{"count":0,"href":"https:\/\/modusportal.ba\/mojevijesti\/wp-json\/wp\/v2\/posts\/29881\/revisions"}],"wp:attachment":[{"href":"https:\/\/modusportal.ba\/mojevijesti\/wp-json\/wp\/v2\/media?parent=29881"}],"wp:term":[{"taxonomy":"category","embeddable":true,"href":"https:\/\/modusportal.ba\/mojevijesti\/wp-json\/wp\/v2\/categories?post=29881"},{"taxonomy":"post_tag","embeddable":true,"href":"https:\/\/modusportal.ba\/mojevijesti\/wp-json\/wp\/v2\/tags?post=29881"}],"curies":[{"name":"wp","href":"https:\/\/api.w.org\/{rel}","templated":true}]}}