{"id":29890,"date":"2025-02-16T00:30:17","date_gmt":"2025-02-16T00:30:17","guid":{"rendered":"https:\/\/modusportal.ba\/mojevijesti\/2025\/02\/16\/odgodene-isplate-iz-plana-rasta-eu-za-drzave-zapadnog-balkana\/"},"modified":"2025-02-16T00:30:17","modified_gmt":"2025-02-16T00:30:17","slug":"odgodene-isplate-iz-plana-rasta-eu-za-drzave-zapadnog-balkana","status":"publish","type":"post","link":"https:\/\/modusportal.ba\/mojevijesti\/2025\/02\/16\/odgodene-isplate-iz-plana-rasta-eu-za-drzave-zapadnog-balkana\/","title":{"rendered":"Odgo\u0111ene isplate iz Plana rasta EU za dr\u017eave Zapadnog Balkana"},"content":{"rendered":"<p><\/p>\n<div class=\"_content\">\n<p>Prve isplate iz evropskog Plana rasta prema svemu sude\u0107i ne\u0107e biti obavljene u prvom dijelu ove godine. Prema obja\u0161njenju iz pres slu\u017ebe Evropske komisije (EK) proizilazi da do isplata ne\u0107e do\u0107i prije sredine ove godine.<\/p>\n<p>\u201cEvropska komisija sada finalizuje proceduralne korake, koji bi trebalo da omoguc\u0301e da se pu\u0161tanje predfinansiranja obavi \u0161to je prije moguc\u0301e 2025. godine. Prva redovna plac\u0301anja se o\u010dekuju izme\u0111u drugog i tre\u0107eg tromjese\u010dja 2025. godine nakon ispunjenja odgovarajuc\u0301ih uslova\u201d, navodi se u pisanom odgovoru iz ove institucije, javlja <a href=\"https:\/\/www.slobodnaevropa.org\/a\/plan-rasta-raspodjela-novca-isplate-odgoda\/33315740.html\" target=\"_blank\" rel=\"noreferrer noopener\">Radio Slobodna Evropa<\/a>.<\/p>\n<p>Najvi\u0161i zvani\u010dnici Evropske unije su najavljivali prve isplate do kraja 2024 godine.<\/p>\n<p>Naime, kako su objasnili zvani\u010dnici upu\u0107eni u proces, razlog za ka\u0161njenja nije nedostatak volje od strane EK ve\u0107 ka\u0161njenje zemalja korisnika iz regiona u ispunjavanju unutra\u0161njih procedura.<\/p>\n<div class=\"code-block code-block-5\" style=\"margin: 8px auto; text-align: center; display: block; clear: both;\">\n<!--banner poslije 20 redova teksta (ili dva paragrafa)--><\/p>\n<div id=\"intext\">\n  <script>\n    googletag.cmd.push(function() { googletag.display('intext'); });\n  <\/script>\n<\/div>\n<\/div>\n<p>Kako obja\u0161njavaju upu\u0107eni zvani\u010dnici, problem le\u017ei u zemljama regiona koje treba da sa Evropskom unijom postignu sporazum o zajmu, jer su neka finansijska sredstva u formi zajmova, a druga u obliku bespovratnih sredstava. A takvi sporazumi imaju karakter me\u0111unarodnih ugovora i stoga moraju biti ratifikovani u Skup\u0161tinama ovih zemalja.<\/p>\n<p>\u201cIzgleda da je ovaj put EU spremnija da izvr\u0161i plac\u0301anja iz ovog paketa nego \u0161to su zemlje u regionu spremne da ih primaju\u201d, rekao je jedan briselski izvor za Radio Slobodna Evropa (RSE).<\/p>\n<p>Iz Evropske komisije nema preciznog obja\u0161njenja u kojoj fazi je svaka zemlja regiona u vezi sa obavezama koje su neophodne za po\u010detak isplata.<\/p>\n<p>\u201cDa bi pokrenule reforme, zemlje mogu zatra\u017eiti do 7 odsto predfinansiranja od ukupnog iznosa predvi\u0111enog ovim instrumentom (od po\u010detnog indikativnog iznosa finansiranja dostupnog za svakog korisnika). To je zatra\u017eilo svih pet korisnika sa odobrenim Reformskim agendama (osim Bosne i Hercegovine koja ga jo\u0161 nije dostavila)\u201d, navodi se u odgovoru iz Evropske komisije.<\/p>\n<p>Da bi bile kvalificirane da dobiju finansijsku pomo\u0107 iz Plana rasta, svaka zemlja regiona je bila obavezana da izradi reformsku agendu koje je potom EK odobrila.<\/p>\n<p>Bosna i Hercegovina je jedina zemlja koja nema odobrenu agendu jer je Sarajevo Briselu dostavilo nepotpun dokument koji ne ispunjava kriterijume EK.<\/p>\n<p>Evropska unija \u017eeli da \u0161to pre budu izvr\u0161ene prve uplate iz ovog plana i da po\u010dne realizacija projekata koji c\u0301e se preko njega finansirati. Ali istovremeno podsjec\u0301a i na uslove koji moraju biti ispunjeni tokom cijelog procesa implementacije projekta. Ovi uslovi se odnose na vladavinu prava, finansijsku kontrolu, adekvatnu reviziju po evropskim standardima.<\/p>\n<p>Za razliku od ostalih zemalja, Srbija i Kosovo imaju dodatan uslov koji se odnosi na konstruktivan anga\u017eman u dijalogu, \u0161to podrazumijeva i sprovo\u0111enje obaveza iz Briselskog dijaloga uz podr\u0161ku Evropske unije.<\/p>\n<div class=\"code-block code-block-8\" style=\"margin: 8px auto; text-align: center; display: block; clear: both;\">\n<!--banner poslije 60 redova teksta (ili \u0161est paragrafa)--><\/p>\n<div id=\"intext_3\">\n  <script>\n    googletag.cmd.push(function() { googletag.display('intext_3'); });\n  <\/script>\n<\/div>\n<\/div>\n<p>Me\u0111u zahtjevima EU prema zemljama regiona je i njihovo prilago\u0111avanje vizne politike sa Briselom.<\/p>\n<p>Ovaj uslov se pokazao problemati\u010dnim u slu\u010daju Crne Gore, koja je ve\u0107 dobila upozorenje Evropska komisije da rizikuje odre\u0111ena sredstva iz Plana rasta upravo zbog vizne politike dr\u017eave.<\/p>\n<p>Naime, nakon \u0161to je Crna Gora na listi beviznog re\u017eima dodala jo\u0161 dvije zemlje (Bahrein i Saudijsku Arabiju) Evropska komisija je iza\u0161la sa zahtjevom da ova odluka bude povu\u010dena do kraja ovog mjeseca.<\/p>\n<p>\u201cKao dio svoje Reformske agende u okviru Plana rasta, Crna Gora se obavezala da c\u0301e se dalje uskladiti sa EU listom zemalja za koje je potrebna viza. Crna Gora je pristala da svake godine uklanja zemlje kojima je potrebna viza za EU sa svoje liste bez viza. Crna Gora c\u0301e morati da ispuni uslov vezan za prvi izvje\u0161tajni period uklanjanjem dvije zemlje sa liste do kraja februara, kako bi stekla pravo na osloba\u0111anje sredstava vezanih za ovaj reformski korak ove godine\u201d, navodi se u pisanom odgovoru iz pres-slu\u017ebe Evropske komisije.<\/p>\n<div class=\"code-block code-block-9\" style=\"margin: 8px auto; text-align: center; display: block; clear: both;\">\n<!--banner poslije  80 redova teksta (ili osam paragrafa)--><\/p>\n<div id=\"intext_4\">\n  <script>\n    googletag.cmd.push(function() { googletag.display('intext_4'); });\n  <\/script>\n<\/div>\n<\/div>\n<p>Plan rasta je najambiciozniji financijski paket EU za Zapadni Balkan.<\/p>\n<p>Radi se o paketu od 6 milijardi eura koji \u0107e biti raspodijeljen u periodu 2024-2027 u obliku grantova i kredita sa veoma povoljim kamatama.<\/p>\n<p>Ima za cilj udvostru\u010davanje ekonomije regiona u narednih deset godina.<\/p>\n<p>Plan tako\u0111e ima za cilj promovisanje regionalne saradnje, razvoj zajedni\u010dkog tr\u017ei\u0161ta u regionu koje bi se postepeno integrisalo u zajedni\u010dko tr\u017ei\u0161te Evropske unije.<\/p>\n<p>Prve tran\u0161e \u0107e iznositi 7 posto od cjelokupne sume dodijeljene za svaku zemlju. Ta isplata \u0107e biti u obliku takozvanog predfinansiranja.<\/p>\n<p>Prema preliminarnoj kalkulaciji, Albanija \u0107e mo\u0107i dobiti ukupno 922 miliona eura, od \u010dega \u0107e 64,5 miliona biti u obliku \u201cpredfinansiranja\u201d.<\/p>\n<p>Crna Gora \u0107e ukupno dobiti 383 miliona eura, a od toga 26,8 miliona u obliku \u201cpredfinansiranja\u201d.<\/p>\n<p>Bosna i Hercegovina, kada izradi kompletnu reformsku agendu, ima\u0107e 1,85 milijardi eura, a 76 miliona kao \u201cpredfinansiranje\u201d.<\/p>\n<p>Kosovo \u0107e imati na rasploaganju 880 miliona eura, od kojih, 61 miliona u obliku \u201cpredfinansiranja\u201d.<\/p>\n<p>Sjeverna Makedonija \u0107e imati na raspolaganju 750 miliona eura, a predfinansiranje bi bilo u iznosu 52,5 miliona.<\/p>\n<p>Srbija \u0107e imati na raspolaganju 1,58 milijardi eura, a prva uplata u obliku predfinansiranja bi bila u iznosu od 111 miliona eura.<\/p>\n<p>Ra\u010dunica koja c\u0301e dr\u017eava imati na raspolaganju koliko finansijskih sredstava se pravi na osnovu doma\u0107eg bruto proizvoda (BDP), broja stanovnika i nekoliko drugih kriterijuma.<\/p>\n<p>Od prvog predstavljanja ovog plana, zemljama regiona je jasno re\u010deno da ako neko ne sprovede reforme nakon godinu ili dvije, onda c\u0301e suma biti raspore\u0111ena drugim zemljama.<\/p>\n<p>U slu\u010daju zloupotrebe sredstava, Evropska komisija ima pravo da tra\u017ei novac nazad.<\/p>\n<\/p><\/div>\n<p><a href=\"https:\/\/www.fokus.ba\/vijesti\/bih\/odgodjene-isplate-iz-plana-rasta-eu-za-drzave-zapadnog-balkana\/3418765\/?utm_source=rss&#038;utm_medium=rss&#038;utm_campaign=odgodjene-isplate-iz-plana-rasta-eu-za-drzave-zapadnog-balkana\">Fokus.ba <\/a><\/p>\n","protected":false},"excerpt":{"rendered":"<p>Prve isplate iz evropskog Plana rasta prema svemu sude\u0107i ne\u0107e biti obavljene u prvom dijelu ove godine. Prema obja\u0161njenju iz pres slu\u017ebe Evropske komisije (EK) proizilazi da do isplata ne\u0107e do\u0107i prije sredine ove godine. \u201cEvropska komisija sada finalizuje proceduralne korake, koji bi trebalo da omoguc\u0301e da se pu\u0161tanje predfinansiranja obavi \u0161to je prije moguc\u0301e [&hellip;]<\/p>\n","protected":false},"author":1,"featured_media":0,"comment_status":"open","ping_status":"open","sticky":false,"template":"","format":"standard","meta":{"_siteseo_robots_primary_cat":"","footnotes":""},"categories":[],"tags":[],"class_list":["post-29890","post","type-post","status-publish","format-standard"],"_links":{"self":[{"href":"https:\/\/modusportal.ba\/mojevijesti\/wp-json\/wp\/v2\/posts\/29890","targetHints":{"allow":["GET"]}}],"collection":[{"href":"https:\/\/modusportal.ba\/mojevijesti\/wp-json\/wp\/v2\/posts"}],"about":[{"href":"https:\/\/modusportal.ba\/mojevijesti\/wp-json\/wp\/v2\/types\/post"}],"author":[{"embeddable":true,"href":"https:\/\/modusportal.ba\/mojevijesti\/wp-json\/wp\/v2\/users\/1"}],"replies":[{"embeddable":true,"href":"https:\/\/modusportal.ba\/mojevijesti\/wp-json\/wp\/v2\/comments?post=29890"}],"version-history":[{"count":0,"href":"https:\/\/modusportal.ba\/mojevijesti\/wp-json\/wp\/v2\/posts\/29890\/revisions"}],"wp:attachment":[{"href":"https:\/\/modusportal.ba\/mojevijesti\/wp-json\/wp\/v2\/media?parent=29890"}],"wp:term":[{"taxonomy":"category","embeddable":true,"href":"https:\/\/modusportal.ba\/mojevijesti\/wp-json\/wp\/v2\/categories?post=29890"},{"taxonomy":"post_tag","embeddable":true,"href":"https:\/\/modusportal.ba\/mojevijesti\/wp-json\/wp\/v2\/tags?post=29890"}],"curies":[{"name":"wp","href":"https:\/\/api.w.org\/{rel}","templated":true}]}}