{"id":29896,"date":"2025-02-17T15:29:09","date_gmt":"2025-02-17T15:29:09","guid":{"rendered":"https:\/\/modusportal.ba\/mojevijesti\/2025\/02\/17\/objavljeno-u-koje-ceste-u-zdk-ce-ove-godine-biti-ulozeno-skoro-25-miliona-km\/"},"modified":"2025-02-17T15:29:09","modified_gmt":"2025-02-17T15:29:09","slug":"objavljeno-u-koje-ceste-u-zdk-ce-ove-godine-biti-ulozeno-skoro-25-miliona-km","status":"publish","type":"post","link":"https:\/\/modusportal.ba\/mojevijesti\/2025\/02\/17\/objavljeno-u-koje-ceste-u-zdk-ce-ove-godine-biti-ulozeno-skoro-25-miliona-km\/","title":{"rendered":"Objavljeno u koje ceste u ZDK \u0107e ove godine biti ulo\u017eeno skoro 25 miliona KM"},"content":{"rendered":"<p><\/p>\n<div class=\"_content\">\n<p>Vlada Zeni\u010dko \u2013 dobojskog kantona 14. februara je usvojila Plan za\u0161tite, odr\u017eavanja, rekonstrukcije i izgradnje regionalnih cesta za 2025. godinu. Ministarstvo za prostorno ure\u0111enje, promet i komunikacije i za\u0161titu okoline ZDK i Kantonalna direkcija za ceste u usvojenom Planu za aktivnosti na regionalnim cestama u teku\u0107oj godini opredijelili su 24.664.000 KM.<\/p>\n<p>\u2013 U skladu sa bud\u017eetom Zeni\u010dko-dobojskog kantona za 2025. godinu i Strategijom razvoja 2021. -2027. godina, u ovoj godini imamo ambiciozan plan kojim \u017eelimo zna\u010dajno unaprijediti cestovnu infrastrukturu u svih 12 gradova i op\u0107ina \u2013 izjavio je Adnan \u0160abani, ministar za prostorno ure\u0111enje, promet i komunikacije i za\u0161titu okoline Zeni\u010dko \u2013 dobojskog kantona.<\/p>\n<p>Sanacija regionalne ceste Zavidovi\u0107i \u2013 Kamenica, kao i mosta na lokalitetu Gostovi\u0107, sanacija regionalne ceste Nemila \u2013 Bistri\u010dak \u2013 Tesli\u0107, sanacija kolovoza na regionali Vare\u0161 \u2013 Pogar, sanacija regionalne ceste Breza \u2013 Vare\u0161, nastavak modernizacije puta R466 \u0106ati\u0107i \u2013 Kraljeva Sutjeska \u2013 Ponijeri, neki su od dvadesetak projekata koji su planirani u ovoj godini \u2013 saop\u0107eno je iz Press slu\u017ebe ZDK.<\/p>\n<p>\u2013 Osim zavr\u0161etka radova na kru\u017enom toku na regionalnom putu Visoko -Kiseljak na spoju sa regionalom Kakanj \u2013 Visoko, ove godine za sanaciju ceste Visoko \u2013 Kiseljak bit \u0107e izdvojeno 700.000 KM. Za regionalni put Zenica \u2013 Arnauti \u2013 Kakanj opredijeljeno je vi\u0161e od milion KM, gdje je uvr\u0161tena i rekonstrukcija puta izme\u0111u dva kamenoloma. U Pilju\u017ei\u0107ima \u0107e se raditi trotoar du\u017e ceste R474, kao i sanaciju iste, a kod O\u0160 \u201cHuso Hod\u017ei\u0107\u201d planirana je izrada propusta \u2013 kazao je \u0160abani.<\/p>\n<div class=\"code-block code-block-5\" style=\"margin: 8px auto; text-align: center; display: block; clear: both;\">\n<!--banner poslije 20 redova teksta (ili dva paragrafa)--><\/p>\n<div id=\"intext\">\n  <script>\n    googletag.cmd.push(function() { googletag.display('intext'); });\n  <\/script>\n<\/div>\n<\/div>\n<p>Dodao je da \u0107e nakon dugo godina sanirati regionalnu cestu Novi \u0160eher \u2013 Kopice, koja vodi prema entitetskoj granici, a planirana je i rekonstrukcija dva kilometra regionalne ceste Novi \u0160eher \u2013 Te\u0161anj \u2013 Jelah \u2013 granica Federacije BiH.<\/p>\n<p>\u2013 Zavr\u0161it \u0107emo zapo\u010dete radove na rekonstrukciji dijela regionalne ceste R445 Zenica \u2013 La\u0161va u sastavu vangradske dionice Glavne gradske magistrale Zenica i ove godine otvoriti radove na jo\u0161 jednoj dionici ove va\u017ene komunikacije. Zna\u010dajna sredstva opredijeljena su za sanaciju Regionalnog puta R413a \u010cajdra\u0161 \u2013 Ovnak \u2013 granica Kantona kod naselja Obrenovci i na lokalitetu Pojske \u2013 objasnio je minister Adnan \u0160abani.<\/p>\n<p>Da je unaprije\u0111enje cestovne infrastrukture dugoro\u010dno opredjeljenje Ministarstva, Kantonalne direkcije za ceste i Vlade ZDK govori iznos od vi\u0161e od 300.000 KM koji je opredijeljen za izradu projektno \u2013 tehni\u010dke dokumentacije za dionice reagionalnih cesta.<\/p>\n<p>Me\u0111u naru\u010denim projektima izdvajaju se projekat izgradnje biciklisti\u010dke staze Nemila \u2013 Bistri\u010dak, kao i projekat izgradnje ceste Bistri\u010dak \u2013 Tesli\u0107, projekti tehni\u010dkih pregleda mostova, izrada projekta sanacije ceste Bilje\u0161evo \u2013 Kakanj \u2013 Visoko \u2013 Podlugovi i izrada projekta sanacije cesta Olovo \u2013 Han Pijesak, Zavidovi\u0107i \u2013 Kamenica, Kakanj \u2013 Ponijeri \u2013 navodi se u saop\u0107enju.<\/p>\n<\/p><\/div>\n<p><a href=\"https:\/\/www.fokus.ba\/vijesti\/bih\/objavljeno-u-koje-ceste-u-zdk-ce-ove-godine-biti-ulozeno-skoro-25-miliona-km\/3419554\/?utm_source=rss&#038;utm_medium=rss&#038;utm_campaign=objavljeno-u-koje-ceste-u-zdk-ce-ove-godine-biti-ulozeno-skoro-25-miliona-km\">Fokus.ba <\/a><\/p>\n","protected":false},"excerpt":{"rendered":"<p>Vlada Zeni\u010dko \u2013 dobojskog kantona 14. februara je usvojila Plan za\u0161tite, odr\u017eavanja, rekonstrukcije i izgradnje regionalnih cesta za 2025. godinu. Ministarstvo za prostorno ure\u0111enje, promet i komunikacije i za\u0161titu okoline ZDK i Kantonalna direkcija za ceste u usvojenom Planu za aktivnosti na regionalnim cestama u teku\u0107oj godini opredijelili su 24.664.000 KM. \u2013 U skladu sa [&hellip;]<\/p>\n","protected":false},"author":1,"featured_media":0,"comment_status":"open","ping_status":"open","sticky":false,"template":"","format":"standard","meta":{"_siteseo_robots_primary_cat":"","footnotes":""},"categories":[],"tags":[],"class_list":["post-29896","post","type-post","status-publish","format-standard"],"_links":{"self":[{"href":"https:\/\/modusportal.ba\/mojevijesti\/wp-json\/wp\/v2\/posts\/29896","targetHints":{"allow":["GET"]}}],"collection":[{"href":"https:\/\/modusportal.ba\/mojevijesti\/wp-json\/wp\/v2\/posts"}],"about":[{"href":"https:\/\/modusportal.ba\/mojevijesti\/wp-json\/wp\/v2\/types\/post"}],"author":[{"embeddable":true,"href":"https:\/\/modusportal.ba\/mojevijesti\/wp-json\/wp\/v2\/users\/1"}],"replies":[{"embeddable":true,"href":"https:\/\/modusportal.ba\/mojevijesti\/wp-json\/wp\/v2\/comments?post=29896"}],"version-history":[{"count":0,"href":"https:\/\/modusportal.ba\/mojevijesti\/wp-json\/wp\/v2\/posts\/29896\/revisions"}],"wp:attachment":[{"href":"https:\/\/modusportal.ba\/mojevijesti\/wp-json\/wp\/v2\/media?parent=29896"}],"wp:term":[{"taxonomy":"category","embeddable":true,"href":"https:\/\/modusportal.ba\/mojevijesti\/wp-json\/wp\/v2\/categories?post=29896"},{"taxonomy":"post_tag","embeddable":true,"href":"https:\/\/modusportal.ba\/mojevijesti\/wp-json\/wp\/v2\/tags?post=29896"}],"curies":[{"name":"wp","href":"https:\/\/api.w.org\/{rel}","templated":true}]}}