{"id":29901,"date":"2025-02-18T22:16:02","date_gmt":"2025-02-18T22:16:02","guid":{"rendered":"https:\/\/modusportal.ba\/mojevijesti\/2025\/02\/18\/prijetnje-radikalizacijom-i-pritisci-na-sud-bih-uoci-presude-dodiku\/"},"modified":"2025-02-18T22:16:02","modified_gmt":"2025-02-18T22:16:02","slug":"prijetnje-radikalizacijom-i-pritisci-na-sud-bih-uoci-presude-dodiku","status":"publish","type":"post","link":"https:\/\/modusportal.ba\/mojevijesti\/2025\/02\/18\/prijetnje-radikalizacijom-i-pritisci-na-sud-bih-uoci-presude-dodiku\/","title":{"rendered":"Prijetnje radikalizacijom i pritisci na Sud BiH uo\u010di presude Dodiku"},"content":{"rendered":"<p><\/p>\n<div class=\"_content\">\n<p>Manje od 24 sata je ostalo do posljednjeg planiranog ro\u010di\u0161ta u Sudu Bosne i Hercegovine u predmetu koji se vodi protiv Milorada Dodika, predsjednika bosanskohercegova\u010dkog entiteta Republika Srpska (RS), i Milo\u0161a Luki\u0107a, v.d. Slu\u017ebenog glasnika tog entiteta.<\/p>\n<p>Oni se terete za nepo\u0161tivanje odluka visokog predstavnika Christiana Schmidta, a prijeti im zatvorska kazna do pet godina i zabrana politi\u010dkog djelovanja.<\/p>\n<p>Iako se i\u0161\u010dekuje ishod jednogodi\u0161njeg procesa pred ovom pravosudnom institucijom, pritisci na Sud BiH su sve ve\u0107i, pi\u0161e <a href=\"https:\/\/www.slobodnaevropa.org\/a\/prijetnje-pritisci-sud-bih-presuda-rs-milorad-dodik\/33319304.html\" target=\"_blank\" rel=\"noreferrer noopener\">Radio Slobodna Evropa<\/a>.<\/p>\n<p>Sa jedne strane, vodstvo RS-a prijeti \u201cradikalnim odlukama\u201d, dok sa druge to rade predstavnici vlasti susjedne Srbije i Ma\u0111arske.<\/p>\n<div class=\"code-block code-block-5\" style=\"margin: 8px auto; text-align: center; display: block; clear: both;\">\n<!--banner poslije 20 redova teksta (ili dva paragrafa)--><\/p>\n<div id=\"intext\">\n  <script>\n    googletag.cmd.push(function() { googletag.display('intext'); });\n  <\/script>\n<\/div>\n<\/div>\n<p>Dodik je optu\u017een za potpisivanje predsjedni\u010dkih ukaza i progla\u0161avanje va\u017ee\u0107im dva neustavna zakona Republike Srpske koja je visoki predstavnik Christian Schmidt prethodno poni\u0161tio.<\/p>\n<p>Uz Dodika, sudi se i Milo\u0161u Luki\u0107u, direktoru Slu\u017ebenog glasnika RS, koji je optu\u017een za objavljivanje tih ukaza i zakona prema kojima se odluke visokog predstavnika i Ustavnog suda BiH ne bi primjenjivale na teritoriji tog entiteta.<\/p>\n<p>Rukovodstvo RS-a odr\u017ealo je 17. februara nave\u010de sastanak u Banjoj Luci na kojem je upozorilo da \u0107e povu\u0107i \u201cradikalne poteze\u201d ako Sud BiH osudi Dodika.<\/p>\n<p>Za 19. februar je najavljen i sastanak entitetske Vlade sa svim gradona\u010delnicima i na\u010delnicima op\u0161tina i gradova u RS-u.<\/p>\n<p>Na sastanku je podr\u017eano stalno zasjedanje Narodne skup\u0161tine RS-a, koja bi trebala donijeti odluke kao odgovor, te je zaprije\u0107eno napu\u0161tanjem svih institucija BiH, ukoliko bi Dodik bio osu\u0111en.<\/p>\n<p>Pritisku na Sud BiH se priklju\u010dio i predsjednik Srbije Aleksandar Vu\u010di\u0107, poru\u010div\u0161i u Budimpe\u0161ti 17. februara kako se nada da \u201cu BiH ne\u0107e donositi presude koje bi mogle ugroziti stabilnost\u201d.<\/p>\n<p>Dva dana pred posljednje ro\u010di\u0161te i premijer Ma\u0111arske Viktor Orban pozvao je na \u201cprestanak ka\u017enjavanja Dodika\u201d, koji je od ranije sa kompletnim rukovodstvom RS-a pod sankcijama Sjedinjenih Dr\u017eava i Evropske unije zbog korupcije i podrivanja BiH.<\/p>\n<p>\u201cNovi vjetrovi me\u0111unarodne politike daju nadu da se politi\u010dki napadi na Dodika kona\u010dno moraju zaustaviti\u201d, napisao je Orban na dru\u0161tvenoj mre\u017ei X nakon \u0161to je sa Dodikom razgovarao 17. februara u Budimpe\u0161ti.<\/p>\n<div class=\"code-block code-block-8\" style=\"margin: 8px auto; text-align: center; display: block; clear: both;\">\n<!--banner poslije 60 redova teksta (ili \u0161est paragrafa)--><\/p>\n<div id=\"intext_3\">\n  <script>\n    googletag.cmd.push(function() { googletag.display('intext_3'); });\n  <\/script>\n<\/div>\n<\/div>\n<p>Iz Suda Bosne i Hercegovine nije odgovoreno na upit Radija Slobodna Evropa (RSE) o pritiscima i prijetnjama uo\u010di izricanja presude Dodiku, uz navode da ne daju komentare o postupcima koji su u toku, \u201cnego postupa u skladu sa zakonom\u201d.<\/p>\n<p>\u201cSudijska etika i odgovornost podrazumijevaju obaveznost postupanja u skladu sa zakonima, pravilima i principima pravde, kao i o\u010duvanje povjerenja u pravosudni sistem. Dakle, Sud BiH \u0161titi vladavinu prava i ne komentari\u0161e slu\u010dajeve koji su predmet postupka, ne \u017eelimo naru\u0161iti povjerenje gra\u0111ana u nepristrasnost Suda i rad pravosu\u0111a\u201d, naveli su u Sudu BiH na upit RSE.<\/p>\n<p>I Sanin Boguni\u0107, predsjednik Visokog sudskog i tu\u017eila\u010dkog vije\u0107a Bosne i Hercegovine, zadu\u017eenog za imenovanje i rad sudija i tu\u017eilaca, za RSE je rekao kako ne bi da \u201cdaje izjave zbog sudskog postupka koji je u toku\u201d.<\/p>\n<p>\u201cPo potrebi \u0107emo adekvatno reagovati, u skladu sa nadle\u017enostima Vije\u0107a\u201d, rekao je Boguni\u0107.<\/p>\n<div class=\"code-block code-block-9\" style=\"margin: 8px auto; text-align: center; display: block; clear: both;\">\n<!--banner poslije  80 redova teksta (ili osam paragrafa)--><\/p>\n<div id=\"intext_4\">\n  <script>\n    googletag.cmd.push(function() { googletag.display('intext_4'); });\n  <\/script>\n<\/div>\n<\/div>\n<p>Kenan Ademovi\u0107, advokat i profesor prava na Internacionalnom univerzitetu u Sarajevu, za RSE isti\u010de kako sutkinja Sena Uzunovi\u0107 koja vodi taj postupak, uz vije\u0107e od jo\u0161 dvoje sudija, ne smije da bude pod pritiskom.<\/p>\n<p>\u201cVije\u0107e mora da sudi po zakonu koji se koristi u tom postupku i donijeti onu odluku koja se zasniva na materijalnim dokazima, vje\u0161tacima i svjedocima odbrane i Tu\u017eila\u0161tva BiH. Ne mo\u017ee na njega da utje\u010de ni Republika Srpska, ni Federacija, ni Br\u010dko distrikt BiH. Jedino tako mo\u017eemo krenuti u Evropsku uniju. Vladavina prava je jedan od Kopenha\u0161kih uvjeta iz 1995. godine\u201d, istakao je Ademovi\u0107.<\/p>\n<p>Vlado Adamovi\u0107, advokat i biv\u0161i sudija Suda BiH, navodi za RSE kako je poznato da su prijetnje radikalnim mjerama iz RS pritisak na Sud BiH.<\/p>\n<p>No, on je mi\u0161ljenja i kako su najnovije prijetnje radikalnim mjerama iz RS ponavljanje ranije izre\u010denih prijetnji.<\/p>\n<p>\u201cOvo \u0161to je zadnje napravljeno u RS je samo ponavljanje, o tome se raspravljalo i prije dva-tri mjeseca. O tome se raspravljalo i kad se Narodna skup\u0161tina izja\u0161njavala u tom pogledu, kad je donesen zaklju\u010dak da [Dodik] ne ide na ro\u010di\u0161ta zbog zdravstvenog stanja\u201d, istakao je Ademovi\u0107.<\/p>\n<p>Dodaje kako Sud BiH treba pustiti da radi bez ikakvog navija\u010dkog tona.<\/p>\n<p>Vlada je Skup\u0161tini RS-a predlo\u017eila \u201cstalno zasjedanje\u201d, kako bi \u201cnajefikasnije mogla odgovoriti na potencijalne predstoje\u0107e \u0161tetne posljedice po institucije Republike Srpske\u201d.<\/p>\n<p>Nije, me\u0111utim, prejudicirano kako bi taj \u201codgovor\u201d mogao da izgleda, odnosno kakve odluke bi mogle biti donesene.<\/p>\n<p>Nije poznato ni kako bi \u201cstalno zasjedanje\u201d moglo da izgleda, s obzirom da je, prema Ustavu RS-a, ve\u0107 definisano da je Skup\u0161tina RS-a \u201cu stalnom zasjedanju\u201d tokom cijelog svog mandata.<\/p>\n<p>Sjednice Skup\u0161tine saziva i predsjedava im predsjednik Skup\u0161tine, koji je du\u017ean sazvati sjednicu na zahtjev jedne tre\u0107ine narodnih poslanika, predsjednika RS-a ili predsjednika entitetske Vlade.<\/p>\n<p>Jedna od odredbi defini\u0161e da Skup\u0161tina, u skladu sa Ustavom, mo\u017ee da proglasi vanredno stanje za cijelu RS ili dio entiteta, izme\u0111u ostalog, u slu\u010daju ugro\u017eavanja bezbjednosti, povreda ljudskih prava i slobodna i \u201cnormalnog funkcionisanja ustavnih organa\u201d RS-a.<\/p>\n<p>U ovom slu\u010daju, zvani\u010dnici RS-a tvrde da bi presuda Dodiku bila napad na instituciju predsjednika RS-a, te na cijeli entitet, izbjegavaju\u0107i da ka\u017eu da mu se sudi kao pojedincu zbog nepo\u0161tivanja odluka visokog predstavnika.<\/p>\n<p>Nazvali su svaku presudu protiv njega \u201cpravnim nasiljem\u201d i \u201cdr\u017eavnim udarom\u201d.<\/p>\n<p>Opozicija u RS-u je distancirana od prijetnji koalicije okupljene oko Dodikove stranke.<\/p>\n<p>Lider opozicione Srpske demokratske stranke (SDS) Milan Mili\u010devi\u0107 se u saop\u0161tenju za javnost ogradio od skupa 17. februara, na koji nisu bili pozvani. Ustvrdio je da predsjednik RS-a treba predstavljati sve gra\u0111ane, a ne jednostrano nametati svoje stavove.<\/p>\n<p>Gradona\u010delnik Banje Luke i lider opozicione Partije demokratskog progresa (PDP) Dra\u0161ko Stanivukovi\u0107 tako\u0111e je odbacio radikalizaciju, istaknuv\u0161i da je \u201cumjesto histerije potrebna mudrost i stabilnost\u201d.<\/p>\n<p>Istakao je u objavi na Facebooku da se \u201cRS ne smije ugro\u017eavati zbog jednog pojedinca\u201d i da sve odluke treba donositi kolektivno unutar srpskog politi\u010dkog tijela.<\/p>\n<p>Na sjednicama Skup\u0161tine RS-a u junu 2023. godine doneseni su neustavni zakoni da se pravni akti visokog predstavnika ne\u0107e objavljivati u Slu\u017ebenom glasniku RS-a, a odluke Ustavnog suda BiH, koje su po Ustavu BiH kona\u010dne i obavezuju\u0107e, ne\u0107e primjenjivati na teritoriji ovog entiteta.<\/p>\n<p>Visoki predstavnik Christian Schmidt poni\u0161tio je Bonnskim ovlastima 1. jula 2023. godine dva entitetska zakona i uveo izmjene Krivi\u010dnog zakona BiH, \u010dime je neizvr\u0161avanje odluka visokog predstavnika postalo krivi\u010dno djelo.<\/p>\n<p>Dodik je 7. jula 2023. potpisao ukaze kojima je proglasio te zakone va\u017ee\u0107im, a oni su objavljeni u Slu\u017ebenom glasniku RS-a. Tu\u017eila\u0161tvo BiH podiglo je optu\u017enicu protiv Dodika i Luki\u0107a 11. avgusta, a sud ju je potvrdio 11. septembra.<\/p>\n<\/p><\/div>\n<p><a href=\"https:\/\/www.fokus.ba\/vijesti\/bih\/prijetnje-radikalizacijom-i-pritisci-na-sud-bih-uoci-presude-dodiku\/3420415\/?utm_source=rss&#038;utm_medium=rss&#038;utm_campaign=prijetnje-radikalizacijom-i-pritisci-na-sud-bih-uoci-presude-dodiku\">Fokus.ba <\/a><\/p>\n","protected":false},"excerpt":{"rendered":"<p>Manje od 24 sata je ostalo do posljednjeg planiranog ro\u010di\u0161ta u Sudu Bosne i Hercegovine u predmetu koji se vodi protiv Milorada Dodika, predsjednika bosanskohercegova\u010dkog entiteta Republika Srpska (RS), i Milo\u0161a Luki\u0107a, v.d. Slu\u017ebenog glasnika tog entiteta. Oni se terete za nepo\u0161tivanje odluka visokog predstavnika Christiana Schmidta, a prijeti im zatvorska kazna do pet godina [&hellip;]<\/p>\n","protected":false},"author":1,"featured_media":0,"comment_status":"open","ping_status":"open","sticky":false,"template":"","format":"standard","meta":{"_siteseo_robots_primary_cat":"","footnotes":""},"categories":[],"tags":[],"class_list":["post-29901","post","type-post","status-publish","format-standard"],"_links":{"self":[{"href":"https:\/\/modusportal.ba\/mojevijesti\/wp-json\/wp\/v2\/posts\/29901","targetHints":{"allow":["GET"]}}],"collection":[{"href":"https:\/\/modusportal.ba\/mojevijesti\/wp-json\/wp\/v2\/posts"}],"about":[{"href":"https:\/\/modusportal.ba\/mojevijesti\/wp-json\/wp\/v2\/types\/post"}],"author":[{"embeddable":true,"href":"https:\/\/modusportal.ba\/mojevijesti\/wp-json\/wp\/v2\/users\/1"}],"replies":[{"embeddable":true,"href":"https:\/\/modusportal.ba\/mojevijesti\/wp-json\/wp\/v2\/comments?post=29901"}],"version-history":[{"count":0,"href":"https:\/\/modusportal.ba\/mojevijesti\/wp-json\/wp\/v2\/posts\/29901\/revisions"}],"wp:attachment":[{"href":"https:\/\/modusportal.ba\/mojevijesti\/wp-json\/wp\/v2\/media?parent=29901"}],"wp:term":[{"taxonomy":"category","embeddable":true,"href":"https:\/\/modusportal.ba\/mojevijesti\/wp-json\/wp\/v2\/categories?post=29901"},{"taxonomy":"post_tag","embeddable":true,"href":"https:\/\/modusportal.ba\/mojevijesti\/wp-json\/wp\/v2\/tags?post=29901"}],"curies":[{"name":"wp","href":"https:\/\/api.w.org\/{rel}","templated":true}]}}