{"id":29911,"date":"2025-02-21T13:09:50","date_gmt":"2025-02-21T13:09:50","guid":{"rendered":"https:\/\/modusportal.ba\/mojevijesti\/2025\/02\/21\/kajganic-odrzao-bilateralne-sastanke-sa-tuziocima-iz-cilea-ekvadora-i-brazila\/"},"modified":"2025-02-21T13:09:50","modified_gmt":"2025-02-21T13:09:50","slug":"kajganic-odrzao-bilateralne-sastanke-sa-tuziocima-iz-cilea-ekvadora-i-brazila","status":"publish","type":"post","link":"https:\/\/modusportal.ba\/mojevijesti\/2025\/02\/21\/kajganic-odrzao-bilateralne-sastanke-sa-tuziocima-iz-cilea-ekvadora-i-brazila\/","title":{"rendered":"Kajgani\u0107 odr\u017eao bilateralne sastanke sa tu\u017eiocima iz \u010cilea, Ekvadora i Brazila"},"content":{"rendered":"<p><\/p>\n<div class=\"_content\">\n<p>Glavni tu\u017eilac Tu\u017eila\u0161tva BiH Milanko Kajgani\u0107 odr\u017eao je bilateralne sastanke sa tu\u017eiocima iz \u010cilea, Ekvadora i Brazila, kao i zvani\u010dnicima zadu\u017eenim za me\u0111unarodnu tu\u017eila\u010dku saradnju i razmjenu informacija, saop\u0161tio je Odjel za odnose s javno\u0161\u0107u Tu\u017eila\u0161tva BiH.<\/p>\n<p>Osim aktivnosti u borbi protiv me\u0111unarodnog krijum\u010darenja narkotika sa podru\u010dja Ju\u017ene Amerike na podru\u010dje Evropske unije i zemalja zapadnog Balkana, sa kolegama iz Brazila se razgovaralo o nekoliko dr\u017eavljanki Brazila koje su bile \u017ertve trgovine ljudima na podru\u010dju Bosne i Hercegovine, u okviru predmeta u kojem postupa Tu\u017eila\u0161tvo BiH zajedno sa MUP-om RS.<\/p>\n<p>Sastanci su organizovani uz me\u0111unarodnu podr\u0161ku EUROJUST-a i projekta Western Balkans Criminal Justice (WBCJ), u saradnji sa projektom El Pacto 2.0, saop\u0161teno je.<\/p>\n<\/p><\/div>\n<p><a href=\"https:\/\/www.fokus.ba\/vijesti\/bih\/kajganic-odrzao-bilateralne-sastanke-sa-tuziocima-iz-cilea-ekvadora-i-brazila\/3421899\/?utm_source=rss&#038;utm_medium=rss&#038;utm_campaign=kajganic-odrzao-bilateralne-sastanke-sa-tuziocima-iz-cilea-ekvadora-i-brazila\">Fokus.ba <\/a><\/p>\n","protected":false},"excerpt":{"rendered":"<p>Glavni tu\u017eilac Tu\u017eila\u0161tva BiH Milanko Kajgani\u0107 odr\u017eao je bilateralne sastanke sa tu\u017eiocima iz \u010cilea, Ekvadora i Brazila, kao i zvani\u010dnicima zadu\u017eenim za me\u0111unarodnu tu\u017eila\u010dku saradnju i razmjenu informacija, saop\u0161tio je Odjel za odnose s javno\u0161\u0107u Tu\u017eila\u0161tva BiH. Osim aktivnosti u borbi protiv me\u0111unarodnog krijum\u010darenja narkotika sa podru\u010dja Ju\u017ene Amerike na podru\u010dje Evropske unije i zemalja [&hellip;]<\/p>\n","protected":false},"author":1,"featured_media":0,"comment_status":"open","ping_status":"open","sticky":false,"template":"","format":"standard","meta":{"_siteseo_robots_primary_cat":"","footnotes":""},"categories":[],"tags":[],"class_list":["post-29911","post","type-post","status-publish","format-standard"],"_links":{"self":[{"href":"https:\/\/modusportal.ba\/mojevijesti\/wp-json\/wp\/v2\/posts\/29911","targetHints":{"allow":["GET"]}}],"collection":[{"href":"https:\/\/modusportal.ba\/mojevijesti\/wp-json\/wp\/v2\/posts"}],"about":[{"href":"https:\/\/modusportal.ba\/mojevijesti\/wp-json\/wp\/v2\/types\/post"}],"author":[{"embeddable":true,"href":"https:\/\/modusportal.ba\/mojevijesti\/wp-json\/wp\/v2\/users\/1"}],"replies":[{"embeddable":true,"href":"https:\/\/modusportal.ba\/mojevijesti\/wp-json\/wp\/v2\/comments?post=29911"}],"version-history":[{"count":0,"href":"https:\/\/modusportal.ba\/mojevijesti\/wp-json\/wp\/v2\/posts\/29911\/revisions"}],"wp:attachment":[{"href":"https:\/\/modusportal.ba\/mojevijesti\/wp-json\/wp\/v2\/media?parent=29911"}],"wp:term":[{"taxonomy":"category","embeddable":true,"href":"https:\/\/modusportal.ba\/mojevijesti\/wp-json\/wp\/v2\/categories?post=29911"},{"taxonomy":"post_tag","embeddable":true,"href":"https:\/\/modusportal.ba\/mojevijesti\/wp-json\/wp\/v2\/tags?post=29911"}],"curies":[{"name":"wp","href":"https:\/\/api.w.org\/{rel}","templated":true}]}}