{"id":29915,"date":"2025-02-22T13:43:22","date_gmt":"2025-02-22T13:43:22","guid":{"rendered":"https:\/\/modusportal.ba\/mojevijesti\/2025\/02\/22\/vise-stotina-ucesnica-u-mostaru-plesom-poslalo-poruku-protiv-nasilja-nad-zenama\/"},"modified":"2025-02-22T13:43:22","modified_gmt":"2025-02-22T13:43:22","slug":"vise-stotina-ucesnica-u-mostaru-plesom-poslalo-poruku-protiv-nasilja-nad-zenama","status":"publish","type":"post","link":"https:\/\/modusportal.ba\/mojevijesti\/2025\/02\/22\/vise-stotina-ucesnica-u-mostaru-plesom-poslalo-poruku-protiv-nasilja-nad-zenama\/","title":{"rendered":"Vi\u0161e stotina u\u010desnica u Mostaru plesom poslalo poruku protiv nasilja nad \u017eenama"},"content":{"rendered":"<p><\/p>\n<div class=\"_content\">\n<p>Vi\u0161e stotina plesa\u010dica iz nekoliko mostarskih plesnih klubova simboli\u010dnim plesom na \u0160panskom trgu pridru\u017eilo se svjetskoj kampanja protiv nasilja nad \u017eenama i djevoj\u010dicama \u201eOne Billion Rising \u2013 Jedna milijarda ustaje\u201c.<\/p>\n<p>Koordinatorica mostarske kampanje \u201eOne Billion Rising\u201c Tajma Tiro Demi\u0107 podsjetila je kako ova kampanja u Mostaru, ali i u cijelom svijetu, traje od 2012. godine.<\/p>\n<p>\u201cCilj ove kampanje je podi\u0107i svijest ljudi o problemu nasilja nad \u017eenama. Na\u017ealost, svjedoci smo da u zadnje vrijeme mo\u017eemo skoro svaki dan pro\u010ditati da se dogodilo neki vid nasilja. Ovo nije problem koji se treba sakriti izme\u0111u \u010detiri zida, ve\u0107 je ovo javni problem\u201d, istaknula je Tiro Demi\u0107.<\/p>\n<p>Kako je kazala, uvijek je pitanje za\u0161to se plesom ukazuje na problem nasilja nad \u017eenama.<\/p>\n<div class=\"code-block code-block-5\" style=\"margin: 8px auto; text-align: center; display: block; clear: both;\">\n<!--banner poslije 20 redova teksta (ili dva paragrafa)--><\/p>\n<div id=\"intext\">\n  <script>\n    googletag.cmd.push(function() { googletag.display('intext'); });\n  <\/script>\n<\/div>\n<\/div>\n<p>\u201cPles ozna\u010dava slobodu pokreta i mi plesom pokazujemo da smo gospodarice svojih tijela\u201d, poru\u010dila je.<br \/>Ona je podsjetila kako jedna od tri \u017eene tijekom \u017eivota iskusi neki oblik nasilja.<\/p>\n<p>\u201cTo je pora\u017eavaju\u0107a statistika, ona je na svjetskom nivou, a na\u017ealost i Bosna i Hercegovina se uklopila u te brojke\u201d, dodala je.<\/p>\n<p>U mostarskom performansu sudjelovalo je vi\u0161e stotina plesa\u010dica iz vi\u0161e mostarskih plesnih klubova i drugih udruga i nevladinih organizacija.<\/p>\n<p>\u201cNa\u0161i plesni klubovi su se danas rasporedili na dvije lokacije, plato ispred Kosa\u010de i trg Musala, a potom se sastaju na \u0160panskom trgu gdje po\u010dinje plesni performans. Prvo ide slu\u017ebena koreografija, onda se predstavljaju klubovi pojedina\u010dno. Nakon toga ide \u0161etnja s transparentima i porukama protiv nasilja nad \u017eenama, idemo do Starog mosta, gdje \u0107e biti simboli\u010dni skok bez aplauza\u201d, kazala je Tiro Demi\u0107.<\/p>\n<p>Organizatori doga\u0111aja su Vije\u0107e mladih Grada Mostara, Centar za razvoj i edukaciju Hera, Podru\u017enica psihologa Hercegovina i Inicijativa gra\u0111anki\/gra\u0111ana Mostara.<\/p>\n<p>Predsjednica Inicijative gra\u0111anki\/gra\u0111ana Mostara Ifeta \u0106esir \u0160koro naglasila je kako je Mostar jedini grad u Bosni i Hercegovini koji sudjeluje u ovoj kampanji.<\/p>\n<p>\u201cDanas je Mostar u \u017ei\u017ei javnosti, trebao bi biti jer mi smo jedini grad koji ovo organizira. Ovdje je uklju\u010deno sedam plesnih klubova i udruga \u201eNovi pogled\u201c, koja se pridru\u017eila plesu. Isto tako, uklju\u010deno je nekoliko nevladinih organizacija\u201d, kazala je \u0106esir \u0160koro.<\/p>\n<p>Dodala je da se cjelokupno bh. dru\u0161tvo treba \u201eujediniti\u201c kako bi se problem nasilja nad \u017eenama rije\u0161io.<\/p>\n<div class=\"code-block code-block-8\" style=\"margin: 8px auto; text-align: center; display: block; clear: both;\">\n<!--banner poslije 60 redova teksta (ili \u0161est paragrafa)--><\/p>\n<div id=\"intext_3\">\n  <script>\n    googletag.cmd.push(function() { googletag.display('intext_3'); });\n  <\/script>\n<\/div>\n<\/div><\/div>\n<p><a href=\"https:\/\/www.fokus.ba\/vijesti\/bih\/vise-stotina-ucesnica-u-mostaru-plesom-poslalo-poruku-protiv-nasilja-nad-zenama\/3422253\/?utm_source=rss&#038;utm_medium=rss&#038;utm_campaign=vise-stotina-ucesnica-u-mostaru-plesom-poslalo-poruku-protiv-nasilja-nad-zenama\">Fokus.ba <\/a><\/p>\n","protected":false},"excerpt":{"rendered":"<p>Vi\u0161e stotina plesa\u010dica iz nekoliko mostarskih plesnih klubova simboli\u010dnim plesom na \u0160panskom trgu pridru\u017eilo se svjetskoj kampanja protiv nasilja nad \u017eenama i djevoj\u010dicama \u201eOne Billion Rising \u2013 Jedna milijarda ustaje\u201c. Koordinatorica mostarske kampanje \u201eOne Billion Rising\u201c Tajma Tiro Demi\u0107 podsjetila je kako ova kampanja u Mostaru, ali i u cijelom svijetu, traje od 2012. godine. [&hellip;]<\/p>\n","protected":false},"author":1,"featured_media":0,"comment_status":"open","ping_status":"open","sticky":false,"template":"","format":"standard","meta":{"_siteseo_robots_primary_cat":"","footnotes":""},"categories":[],"tags":[],"class_list":["post-29915","post","type-post","status-publish","format-standard"],"_links":{"self":[{"href":"https:\/\/modusportal.ba\/mojevijesti\/wp-json\/wp\/v2\/posts\/29915","targetHints":{"allow":["GET"]}}],"collection":[{"href":"https:\/\/modusportal.ba\/mojevijesti\/wp-json\/wp\/v2\/posts"}],"about":[{"href":"https:\/\/modusportal.ba\/mojevijesti\/wp-json\/wp\/v2\/types\/post"}],"author":[{"embeddable":true,"href":"https:\/\/modusportal.ba\/mojevijesti\/wp-json\/wp\/v2\/users\/1"}],"replies":[{"embeddable":true,"href":"https:\/\/modusportal.ba\/mojevijesti\/wp-json\/wp\/v2\/comments?post=29915"}],"version-history":[{"count":0,"href":"https:\/\/modusportal.ba\/mojevijesti\/wp-json\/wp\/v2\/posts\/29915\/revisions"}],"wp:attachment":[{"href":"https:\/\/modusportal.ba\/mojevijesti\/wp-json\/wp\/v2\/media?parent=29915"}],"wp:term":[{"taxonomy":"category","embeddable":true,"href":"https:\/\/modusportal.ba\/mojevijesti\/wp-json\/wp\/v2\/categories?post=29915"},{"taxonomy":"post_tag","embeddable":true,"href":"https:\/\/modusportal.ba\/mojevijesti\/wp-json\/wp\/v2\/tags?post=29915"}],"curies":[{"name":"wp","href":"https:\/\/api.w.org\/{rel}","templated":true}]}}