{"id":29928,"date":"2025-07-29T10:44:26","date_gmt":"2025-07-29T10:44:26","guid":{"rendered":"https:\/\/modusportal.ba\/mojevijesti\/2025\/07\/29\/mehmedovic-emric-i-barucija-upozorili-na-sistemsku-diskriminaciju-bosnjaka-u-drzavnim-institucijama\/"},"modified":"2025-07-29T10:44:26","modified_gmt":"2025-07-29T10:44:26","slug":"mehmedovic-emric-i-barucija-upozorili-na-sistemsku-diskriminaciju-bosnjaka-u-drzavnim-institucijama","status":"publish","type":"post","link":"https:\/\/modusportal.ba\/mojevijesti\/2025\/07\/29\/mehmedovic-emric-i-barucija-upozorili-na-sistemsku-diskriminaciju-bosnjaka-u-drzavnim-institucijama\/","title":{"rendered":"Mehmedovi\u0107, Emri\u0107 i Baru\u010dija upozorili na sistemsku diskriminaciju Bo\u0161njaka u dr\u017eavnim institucijama"},"content":{"rendered":"<p><\/p>\n<p><img loading=\"lazy\" decoding=\"async\" loading=\"lazy\" width=\"1024\" height=\"538\" src=\"https:\/\/fokuscdn.b-cdn.net\/wp-content\/uploads\/2025\/07\/barucija-mehmedovic-emric-fena-1024x538.jpg\" class=\"attachment-large size-large wp-post-image\" alt=\"barucija mehmedovic emric\"><\/p>\n<p>\u0160emsudin Mehmedovi\u0107, Jasmin Emri\u0107 i Aida Baru\u010dija su najavili da \u0107e na sjednici Predstavni\u010dkog doma PSBiH iznijeti dodatne podatke i zahtijevati konkretne mjere kako bi se zaustavila diskriminacija i osiguralo po\u0161tivanje ustavnog poretka Bosne i Hercegovine<\/p>\n<p><a href=\"https:\/\/www.fokus.ba\/vijesti\/bih\/mehmedovic-emric-i-barucija-upozorili-na-sistemsku-diskriminaciju-bosnjaka-u-drzavnim-institucijama\/3481257\/\">Fokus.ba <\/a><\/p>\n","protected":false},"excerpt":{"rendered":"<p>\u0160emsudin Mehmedovi\u0107, Jasmin Emri\u0107 i Aida Baru\u010dija su najavili da \u0107e na sjednici Predstavni\u010dkog doma PSBiH iznijeti dodatne podatke i zahtijevati konkretne mjere kako bi se zaustavila diskriminacija i osiguralo po\u0161tivanje ustavnog poretka Bosne i Hercegovine Fokus.ba<\/p>\n","protected":false},"author":1,"featured_media":29929,"comment_status":"open","ping_status":"open","sticky":false,"template":"","format":"standard","meta":{"_siteseo_robots_primary_cat":"","footnotes":""},"categories":[],"tags":[],"class_list":["post-29928","post","type-post","status-publish","format-standard","has-post-thumbnail"],"_links":{"self":[{"href":"https:\/\/modusportal.ba\/mojevijesti\/wp-json\/wp\/v2\/posts\/29928","targetHints":{"allow":["GET"]}}],"collection":[{"href":"https:\/\/modusportal.ba\/mojevijesti\/wp-json\/wp\/v2\/posts"}],"about":[{"href":"https:\/\/modusportal.ba\/mojevijesti\/wp-json\/wp\/v2\/types\/post"}],"author":[{"embeddable":true,"href":"https:\/\/modusportal.ba\/mojevijesti\/wp-json\/wp\/v2\/users\/1"}],"replies":[{"embeddable":true,"href":"https:\/\/modusportal.ba\/mojevijesti\/wp-json\/wp\/v2\/comments?post=29928"}],"version-history":[{"count":0,"href":"https:\/\/modusportal.ba\/mojevijesti\/wp-json\/wp\/v2\/posts\/29928\/revisions"}],"wp:featuredmedia":[{"embeddable":true,"href":"https:\/\/modusportal.ba\/mojevijesti\/wp-json\/wp\/v2\/media\/29929"}],"wp:attachment":[{"href":"https:\/\/modusportal.ba\/mojevijesti\/wp-json\/wp\/v2\/media?parent=29928"}],"wp:term":[{"taxonomy":"category","embeddable":true,"href":"https:\/\/modusportal.ba\/mojevijesti\/wp-json\/wp\/v2\/categories?post=29928"},{"taxonomy":"post_tag","embeddable":true,"href":"https:\/\/modusportal.ba\/mojevijesti\/wp-json\/wp\/v2\/tags?post=29928"}],"curies":[{"name":"wp","href":"https:\/\/api.w.org\/{rel}","templated":true}]}}