{"id":29960,"date":"2025-08-02T12:58:57","date_gmt":"2025-08-02T12:58:57","guid":{"rendered":"https:\/\/modusportal.ba\/mojevijesti\/2025\/08\/02\/inspektori-zatekli-27-neprijavljenih-radnika-zapecaceno-6-objekata-37-objekata-radilo-bez-dozvole\/"},"modified":"2025-08-02T12:58:57","modified_gmt":"2025-08-02T12:58:57","slug":"inspektori-zatekli-27-neprijavljenih-radnika-zapecaceno-6-objekata-37-objekata-radilo-bez-dozvole","status":"publish","type":"post","link":"https:\/\/modusportal.ba\/mojevijesti\/2025\/08\/02\/inspektori-zatekli-27-neprijavljenih-radnika-zapecaceno-6-objekata-37-objekata-radilo-bez-dozvole\/","title":{"rendered":"Inspektori zatekli 27 neprijavljenih radnika, zape\u010da\u0107eno 6 objekata, 37 objekata radilo bez dozvole"},"content":{"rendered":"<p><\/p>\n<p><img loading=\"lazy\" decoding=\"async\" loading=\"lazy\" width=\"1024\" height=\"538\" src=\"https:\/\/cdn.fokus.ba\/wp-content\/uploads\/2025\/07\/bazen-vila-1024x538.webp\" class=\"attachment-large size-large wp-post-image\" alt=\"foto bazena u vili\"><\/p>\n<p>Najvi\u0161e nov\u010danih kazni napisano u Zeni\u010dko dobojskom kantonu, a najvi\u0161e kontrola provedeno u Kantonu Sarajevo<\/p>\n<p><a href=\"https:\/\/www.fokus.ba\/vijesti\/bih\/inspektori-zatekli-27-neprijavljenih-radnika-zapecaceno-6-objekata-37-objekata-radilo-bez-dozvole\/3482194\/\">Fokus.ba <\/a><\/p>\n","protected":false},"excerpt":{"rendered":"<p>Najvi\u0161e nov\u010danih kazni napisano u Zeni\u010dko dobojskom kantonu, a najvi\u0161e kontrola provedeno u Kantonu Sarajevo Fokus.ba<\/p>\n","protected":false},"author":1,"featured_media":29961,"comment_status":"open","ping_status":"open","sticky":false,"template":"","format":"standard","meta":{"_siteseo_robots_primary_cat":"","footnotes":""},"categories":[],"tags":[],"class_list":["post-29960","post","type-post","status-publish","format-standard","has-post-thumbnail"],"_links":{"self":[{"href":"https:\/\/modusportal.ba\/mojevijesti\/wp-json\/wp\/v2\/posts\/29960","targetHints":{"allow":["GET"]}}],"collection":[{"href":"https:\/\/modusportal.ba\/mojevijesti\/wp-json\/wp\/v2\/posts"}],"about":[{"href":"https:\/\/modusportal.ba\/mojevijesti\/wp-json\/wp\/v2\/types\/post"}],"author":[{"embeddable":true,"href":"https:\/\/modusportal.ba\/mojevijesti\/wp-json\/wp\/v2\/users\/1"}],"replies":[{"embeddable":true,"href":"https:\/\/modusportal.ba\/mojevijesti\/wp-json\/wp\/v2\/comments?post=29960"}],"version-history":[{"count":0,"href":"https:\/\/modusportal.ba\/mojevijesti\/wp-json\/wp\/v2\/posts\/29960\/revisions"}],"wp:featuredmedia":[{"embeddable":true,"href":"https:\/\/modusportal.ba\/mojevijesti\/wp-json\/wp\/v2\/media\/29961"}],"wp:attachment":[{"href":"https:\/\/modusportal.ba\/mojevijesti\/wp-json\/wp\/v2\/media?parent=29960"}],"wp:term":[{"taxonomy":"category","embeddable":true,"href":"https:\/\/modusportal.ba\/mojevijesti\/wp-json\/wp\/v2\/categories?post=29960"},{"taxonomy":"post_tag","embeddable":true,"href":"https:\/\/modusportal.ba\/mojevijesti\/wp-json\/wp\/v2\/tags?post=29960"}],"curies":[{"name":"wp","href":"https:\/\/api.w.org\/{rel}","templated":true}]}}