{"id":29968,"date":"2025-08-03T13:07:22","date_gmt":"2025-08-03T13:07:22","guid":{"rendered":"https:\/\/modusportal.ba\/mojevijesti\/2025\/08\/03\/sefika-tanjo-tokom-rata-u-improviziranom-porodilistu-porodila-75-zena-sve-bebe-su-prezivjele\/"},"modified":"2025-08-03T13:07:22","modified_gmt":"2025-08-03T13:07:22","slug":"sefika-tanjo-tokom-rata-u-improviziranom-porodilistu-porodila-75-zena-sve-bebe-su-prezivjele","status":"publish","type":"post","link":"https:\/\/modusportal.ba\/mojevijesti\/2025\/08\/03\/sefika-tanjo-tokom-rata-u-improviziranom-porodilistu-porodila-75-zena-sve-bebe-su-prezivjele\/","title":{"rendered":"\u0160efika Tanjo tokom rata u improviziranom porodili\u0161tu porodila 75 \u017eena: Sve bebe su pre\u017eivjele"},"content":{"rendered":"<p><\/p>\n<p><img loading=\"lazy\" decoding=\"async\" loading=\"lazy\" width=\"1024\" height=\"538\" src=\"https:\/\/cdn.fokus.ba\/wp-content\/uploads\/2025\/08\/sefika-tanjo-1024x538.jpg\" class=\"attachment-large size-large wp-post-image\" alt=\"sefika tanjo\"><\/p>\n<p>Svaki porod za nju je ka\u017ee posebna pri\u010da o kojoj se mo\u017ee snimiti film.\u00a0 Ipak, jedan joj je ostao posebno urezan u sje\u0107anje<\/p>\n<p><a href=\"https:\/\/www.fokus.ba\/vijesti\/bih\/sefika-tanjo-tokom-rata-u-improviziranom-porodilistu-porodila-75-zena-sve-bebe-su-prezivjele\/3482342\/\">Fokus.ba <\/a><\/p>\n","protected":false},"excerpt":{"rendered":"<p>Svaki porod za nju je ka\u017ee posebna pri\u010da o kojoj se mo\u017ee snimiti film.\u00a0 Ipak, jedan joj je ostao posebno urezan u sje\u0107anje Fokus.ba<\/p>\n","protected":false},"author":1,"featured_media":29969,"comment_status":"open","ping_status":"open","sticky":false,"template":"","format":"standard","meta":{"_siteseo_robots_primary_cat":"","footnotes":""},"categories":[],"tags":[],"class_list":["post-29968","post","type-post","status-publish","format-standard","has-post-thumbnail"],"_links":{"self":[{"href":"https:\/\/modusportal.ba\/mojevijesti\/wp-json\/wp\/v2\/posts\/29968","targetHints":{"allow":["GET"]}}],"collection":[{"href":"https:\/\/modusportal.ba\/mojevijesti\/wp-json\/wp\/v2\/posts"}],"about":[{"href":"https:\/\/modusportal.ba\/mojevijesti\/wp-json\/wp\/v2\/types\/post"}],"author":[{"embeddable":true,"href":"https:\/\/modusportal.ba\/mojevijesti\/wp-json\/wp\/v2\/users\/1"}],"replies":[{"embeddable":true,"href":"https:\/\/modusportal.ba\/mojevijesti\/wp-json\/wp\/v2\/comments?post=29968"}],"version-history":[{"count":0,"href":"https:\/\/modusportal.ba\/mojevijesti\/wp-json\/wp\/v2\/posts\/29968\/revisions"}],"wp:featuredmedia":[{"embeddable":true,"href":"https:\/\/modusportal.ba\/mojevijesti\/wp-json\/wp\/v2\/media\/29969"}],"wp:attachment":[{"href":"https:\/\/modusportal.ba\/mojevijesti\/wp-json\/wp\/v2\/media?parent=29968"}],"wp:term":[{"taxonomy":"category","embeddable":true,"href":"https:\/\/modusportal.ba\/mojevijesti\/wp-json\/wp\/v2\/categories?post=29968"},{"taxonomy":"post_tag","embeddable":true,"href":"https:\/\/modusportal.ba\/mojevijesti\/wp-json\/wp\/v2\/tags?post=29968"}],"curies":[{"name":"wp","href":"https:\/\/api.w.org\/{rel}","templated":true}]}}