{"id":29970,"date":"2025-08-03T19:10:19","date_gmt":"2025-08-03T19:10:19","guid":{"rendered":"https:\/\/modusportal.ba\/mojevijesti\/2025\/08\/03\/dodik-na-izlaznim-vratima-politicke-scene-a-desnicari-sute-fali-im-jasna-meta-i-emotivna-mobilizacija\/"},"modified":"2025-08-03T19:10:19","modified_gmt":"2025-08-03T19:10:19","slug":"dodik-na-izlaznim-vratima-politicke-scene-a-desnicari-sute-fali-im-jasna-meta-i-emotivna-mobilizacija","status":"publish","type":"post","link":"https:\/\/modusportal.ba\/mojevijesti\/2025\/08\/03\/dodik-na-izlaznim-vratima-politicke-scene-a-desnicari-sute-fali-im-jasna-meta-i-emotivna-mobilizacija\/","title":{"rendered":"Dodik na izlaznim vratima politi\u010dke scene, a desni\u010dari \u0161ute? \u201cFali im jasna meta i emotivna mobilizacija\u201d"},"content":{"rendered":"<p><\/p>\n<p><img loading=\"lazy\" decoding=\"async\" loading=\"lazy\" width=\"1024\" height=\"538\" src=\"https:\/\/cdn.fokus.ba\/wp-content\/uploads\/2025\/04\/milorad-dodik-1-1024x538.webp\" class=\"attachment-large size-large wp-post-image\" alt=\"milorad dodik\"><\/p>\n<p>Narativ kojim se Dodik progla\u0161ava politi\u010dkom \u017ertvom mogao bi biti kreiran prilikom godi\u0161njice Oluje, smatra istra\u017eiva\u010dica Nejra Veljan<\/p>\n<p><a href=\"https:\/\/www.fokus.ba\/vijesti\/bih\/dodik-na-izlaznim-vratima-politicke-scene-a-desnicari-sute-fali-im-jasna-meta-i-emotivna-mobilizacija\/3482419\/\">Fokus.ba <\/a><\/p>\n","protected":false},"excerpt":{"rendered":"<p>Narativ kojim se Dodik progla\u0161ava politi\u010dkom \u017ertvom mogao bi biti kreiran prilikom godi\u0161njice Oluje, smatra istra\u017eiva\u010dica Nejra Veljan Fokus.ba<\/p>\n","protected":false},"author":1,"featured_media":29971,"comment_status":"open","ping_status":"open","sticky":false,"template":"","format":"standard","meta":{"_siteseo_robots_primary_cat":"","footnotes":""},"categories":[],"tags":[],"class_list":["post-29970","post","type-post","status-publish","format-standard","has-post-thumbnail"],"_links":{"self":[{"href":"https:\/\/modusportal.ba\/mojevijesti\/wp-json\/wp\/v2\/posts\/29970","targetHints":{"allow":["GET"]}}],"collection":[{"href":"https:\/\/modusportal.ba\/mojevijesti\/wp-json\/wp\/v2\/posts"}],"about":[{"href":"https:\/\/modusportal.ba\/mojevijesti\/wp-json\/wp\/v2\/types\/post"}],"author":[{"embeddable":true,"href":"https:\/\/modusportal.ba\/mojevijesti\/wp-json\/wp\/v2\/users\/1"}],"replies":[{"embeddable":true,"href":"https:\/\/modusportal.ba\/mojevijesti\/wp-json\/wp\/v2\/comments?post=29970"}],"version-history":[{"count":0,"href":"https:\/\/modusportal.ba\/mojevijesti\/wp-json\/wp\/v2\/posts\/29970\/revisions"}],"wp:featuredmedia":[{"embeddable":true,"href":"https:\/\/modusportal.ba\/mojevijesti\/wp-json\/wp\/v2\/media\/29971"}],"wp:attachment":[{"href":"https:\/\/modusportal.ba\/mojevijesti\/wp-json\/wp\/v2\/media?parent=29970"}],"wp:term":[{"taxonomy":"category","embeddable":true,"href":"https:\/\/modusportal.ba\/mojevijesti\/wp-json\/wp\/v2\/categories?post=29970"},{"taxonomy":"post_tag","embeddable":true,"href":"https:\/\/modusportal.ba\/mojevijesti\/wp-json\/wp\/v2\/tags?post=29970"}],"curies":[{"name":"wp","href":"https:\/\/api.w.org\/{rel}","templated":true}]}}