{"id":29972,"date":"2025-08-04T01:44:03","date_gmt":"2025-08-04T01:44:03","guid":{"rendered":"https:\/\/modusportal.ba\/mojevijesti\/2025\/08\/04\/helez-bocnuo-vucica-iz-srbije-mu-uzvratili-da-je-slucaj-za-ministarstvo-zdravlja\/"},"modified":"2025-08-04T01:44:03","modified_gmt":"2025-08-04T01:44:03","slug":"helez-bocnuo-vucica-iz-srbije-mu-uzvratili-da-je-slucaj-za-ministarstvo-zdravlja","status":"publish","type":"post","link":"https:\/\/modusportal.ba\/mojevijesti\/2025\/08\/04\/helez-bocnuo-vucica-iz-srbije-mu-uzvratili-da-je-slucaj-za-ministarstvo-zdravlja\/","title":{"rendered":"Helez bocnuo Vu\u010di\u0107a, iz Srbije mu uzvratili da je slu\u010daj za \u201cministarstvo zdravlja\u201d"},"content":{"rendered":"<p><\/p>\n<p><img loading=\"lazy\" decoding=\"async\" loading=\"lazy\" width=\"1024\" height=\"538\" src=\"https:\/\/cdn.fokus.ba\/wp-content\/uploads\/2024\/07\/helez-1024x538.webp\" class=\"attachment-large size-large wp-post-image\" alt=\"zukan helez\"><\/p>\n<p>&#8220;Pla\u010dko Vu\u010di\u0107 nikako da nau\u010di za \u0161ta je nadle\u017ean, a za \u0161ta nije. Ono \u0161to mu sigurno nije nadle\u017enost su sudski procesi u susjednoj zemlji&#8221;, ka\u017ee Zukan Helez<\/p>\n<p><a href=\"https:\/\/www.fokus.ba\/vijesti\/bih\/helez-bocnuo-vucica-iz-srbije-mu-uzvratili-da-je-slucaj-za-ministarstvo-zdravlja\/3482385\/\">Fokus.ba <\/a><\/p>\n","protected":false},"excerpt":{"rendered":"<p>&#8220;Pla\u010dko Vu\u010di\u0107 nikako da nau\u010di za \u0161ta je nadle\u017ean, a za \u0161ta nije. Ono \u0161to mu sigurno nije nadle\u017enost su sudski procesi u susjednoj zemlji&#8221;, ka\u017ee Zukan Helez Fokus.ba<\/p>\n","protected":false},"author":1,"featured_media":29973,"comment_status":"open","ping_status":"open","sticky":false,"template":"","format":"standard","meta":{"_siteseo_robots_primary_cat":"","footnotes":""},"categories":[],"tags":[],"class_list":["post-29972","post","type-post","status-publish","format-standard","has-post-thumbnail"],"_links":{"self":[{"href":"https:\/\/modusportal.ba\/mojevijesti\/wp-json\/wp\/v2\/posts\/29972","targetHints":{"allow":["GET"]}}],"collection":[{"href":"https:\/\/modusportal.ba\/mojevijesti\/wp-json\/wp\/v2\/posts"}],"about":[{"href":"https:\/\/modusportal.ba\/mojevijesti\/wp-json\/wp\/v2\/types\/post"}],"author":[{"embeddable":true,"href":"https:\/\/modusportal.ba\/mojevijesti\/wp-json\/wp\/v2\/users\/1"}],"replies":[{"embeddable":true,"href":"https:\/\/modusportal.ba\/mojevijesti\/wp-json\/wp\/v2\/comments?post=29972"}],"version-history":[{"count":0,"href":"https:\/\/modusportal.ba\/mojevijesti\/wp-json\/wp\/v2\/posts\/29972\/revisions"}],"wp:featuredmedia":[{"embeddable":true,"href":"https:\/\/modusportal.ba\/mojevijesti\/wp-json\/wp\/v2\/media\/29973"}],"wp:attachment":[{"href":"https:\/\/modusportal.ba\/mojevijesti\/wp-json\/wp\/v2\/media?parent=29972"}],"wp:term":[{"taxonomy":"category","embeddable":true,"href":"https:\/\/modusportal.ba\/mojevijesti\/wp-json\/wp\/v2\/categories?post=29972"},{"taxonomy":"post_tag","embeddable":true,"href":"https:\/\/modusportal.ba\/mojevijesti\/wp-json\/wp\/v2\/tags?post=29972"}],"curies":[{"name":"wp","href":"https:\/\/api.w.org\/{rel}","templated":true}]}}