{"id":29974,"date":"2025-08-04T07:52:02","date_gmt":"2025-08-04T07:52:02","guid":{"rendered":"https:\/\/modusportal.ba\/mojevijesti\/2025\/08\/04\/stevandic-o-presudi-dodiku-i-planu-za-bosnu-i-hercegovinu-ovo-je-krah-evrope\/"},"modified":"2025-08-04T07:52:02","modified_gmt":"2025-08-04T07:52:02","slug":"stevandic-o-presudi-dodiku-i-planu-za-bosnu-i-hercegovinu-ovo-je-krah-evrope","status":"publish","type":"post","link":"https:\/\/modusportal.ba\/mojevijesti\/2025\/08\/04\/stevandic-o-presudi-dodiku-i-planu-za-bosnu-i-hercegovinu-ovo-je-krah-evrope\/","title":{"rendered":"Stevandi\u0107 o presudi Dodiku i \u201cplanu za Bosnu i Hercegovinu\u201d: \u201cOvo je krah Evrope\u201d"},"content":{"rendered":"<p><\/p>\n<p><img loading=\"lazy\" decoding=\"async\" loading=\"lazy\" width=\"1024\" height=\"538\" src=\"https:\/\/cdn.fokus.ba\/wp-content\/uploads\/2025\/03\/stevandic-1024x538.webp\" class=\"attachment-large size-large wp-post-image\" alt=\"stevandi\u0107\"><\/p>\n<p>Kako je naveo, &#8220;cilj jeste potpuna unitarizacija kako se vi\u0161e niko u RS ne bi pitao ni\u0161ta, ve\u0107 bi se sve odluke donosile u Sarajevu&#8221;<\/p>\n<p><a href=\"https:\/\/www.fokus.ba\/vijesti\/bih\/stevandic-o-presudi-dodiku-i-planu-za-bosnu-i-hercegovinu-ovo-je-krah-evrope\/3482497\/\">Fokus.ba <\/a><\/p>\n","protected":false},"excerpt":{"rendered":"<p>Kako je naveo, &#8220;cilj jeste potpuna unitarizacija kako se vi\u0161e niko u RS ne bi pitao ni\u0161ta, ve\u0107 bi se sve odluke donosile u Sarajevu&#8221; Fokus.ba<\/p>\n","protected":false},"author":1,"featured_media":29975,"comment_status":"open","ping_status":"open","sticky":false,"template":"","format":"standard","meta":{"_siteseo_robots_primary_cat":"","footnotes":""},"categories":[],"tags":[],"class_list":["post-29974","post","type-post","status-publish","format-standard","has-post-thumbnail"],"_links":{"self":[{"href":"https:\/\/modusportal.ba\/mojevijesti\/wp-json\/wp\/v2\/posts\/29974","targetHints":{"allow":["GET"]}}],"collection":[{"href":"https:\/\/modusportal.ba\/mojevijesti\/wp-json\/wp\/v2\/posts"}],"about":[{"href":"https:\/\/modusportal.ba\/mojevijesti\/wp-json\/wp\/v2\/types\/post"}],"author":[{"embeddable":true,"href":"https:\/\/modusportal.ba\/mojevijesti\/wp-json\/wp\/v2\/users\/1"}],"replies":[{"embeddable":true,"href":"https:\/\/modusportal.ba\/mojevijesti\/wp-json\/wp\/v2\/comments?post=29974"}],"version-history":[{"count":0,"href":"https:\/\/modusportal.ba\/mojevijesti\/wp-json\/wp\/v2\/posts\/29974\/revisions"}],"wp:featuredmedia":[{"embeddable":true,"href":"https:\/\/modusportal.ba\/mojevijesti\/wp-json\/wp\/v2\/media\/29975"}],"wp:attachment":[{"href":"https:\/\/modusportal.ba\/mojevijesti\/wp-json\/wp\/v2\/media?parent=29974"}],"wp:term":[{"taxonomy":"category","embeddable":true,"href":"https:\/\/modusportal.ba\/mojevijesti\/wp-json\/wp\/v2\/categories?post=29974"},{"taxonomy":"post_tag","embeddable":true,"href":"https:\/\/modusportal.ba\/mojevijesti\/wp-json\/wp\/v2\/tags?post=29974"}],"curies":[{"name":"wp","href":"https:\/\/api.w.org\/{rel}","templated":true}]}}