{"id":29980,"date":"2025-08-05T02:10:08","date_gmt":"2025-08-05T02:10:08","guid":{"rendered":"https:\/\/modusportal.ba\/mojevijesti\/2025\/08\/05\/trivic-o-vladi-nacionalnog-jedinstva-necemo-u-vlast-s-onima-koji-su-srozali-rs\/"},"modified":"2025-08-05T02:10:08","modified_gmt":"2025-08-05T02:10:08","slug":"trivic-o-vladi-nacionalnog-jedinstva-necemo-u-vlast-s-onima-koji-su-srozali-rs","status":"publish","type":"post","link":"https:\/\/modusportal.ba\/mojevijesti\/2025\/08\/05\/trivic-o-vladi-nacionalnog-jedinstva-necemo-u-vlast-s-onima-koji-su-srozali-rs\/","title":{"rendered":"Trivi\u0107 o \u201cvladi nacionalnog jedinstva\u201d: Ne\u0107emo u vlast s onima koji su srozali RS"},"content":{"rendered":"<p><\/p>\n<p><img loading=\"lazy\" decoding=\"async\" loading=\"lazy\" width=\"1024\" height=\"538\" src=\"https:\/\/cdn.fokus.ba\/wp-content\/uploads\/2023\/05\/PXL_051022_95988811-1024x538.jpg\" class=\"attachment-large size-large wp-post-image\" alt=\"jelena trivi\u0107\"><\/p>\n<p>&#8220;Ne \u017eelimo biti priljepak onih koji su najvi\u0161e od svih aktera u BiH srozali i degradirali insititucije Republike Srpske, posebno Narodnu skup\u0161tinu koju su gazili do besvijesti&#8221;, napisala je predsjednica Narodnog fronta<\/p>\n<p><a href=\"https:\/\/www.fokus.ba\/vijesti\/bih\/trivic-o-vladi-nacionalnog-jedinstva-necemo-u-vlast-s-onima-koji-su-srozali-rs\/3482663\/\">Fokus.ba <\/a><\/p>\n","protected":false},"excerpt":{"rendered":"<p>&#8220;Ne \u017eelimo biti priljepak onih koji su najvi\u0161e od svih aktera u BiH srozali i degradirali insititucije Republike Srpske, posebno Narodnu skup\u0161tinu koju su gazili do besvijesti&#8221;, napisala je predsjednica Narodnog fronta Fokus.ba<\/p>\n","protected":false},"author":1,"featured_media":29981,"comment_status":"open","ping_status":"open","sticky":false,"template":"","format":"standard","meta":{"_siteseo_robots_primary_cat":"","footnotes":""},"categories":[],"tags":[],"class_list":["post-29980","post","type-post","status-publish","format-standard","has-post-thumbnail"],"_links":{"self":[{"href":"https:\/\/modusportal.ba\/mojevijesti\/wp-json\/wp\/v2\/posts\/29980","targetHints":{"allow":["GET"]}}],"collection":[{"href":"https:\/\/modusportal.ba\/mojevijesti\/wp-json\/wp\/v2\/posts"}],"about":[{"href":"https:\/\/modusportal.ba\/mojevijesti\/wp-json\/wp\/v2\/types\/post"}],"author":[{"embeddable":true,"href":"https:\/\/modusportal.ba\/mojevijesti\/wp-json\/wp\/v2\/users\/1"}],"replies":[{"embeddable":true,"href":"https:\/\/modusportal.ba\/mojevijesti\/wp-json\/wp\/v2\/comments?post=29980"}],"version-history":[{"count":0,"href":"https:\/\/modusportal.ba\/mojevijesti\/wp-json\/wp\/v2\/posts\/29980\/revisions"}],"wp:featuredmedia":[{"embeddable":true,"href":"https:\/\/modusportal.ba\/mojevijesti\/wp-json\/wp\/v2\/media\/29981"}],"wp:attachment":[{"href":"https:\/\/modusportal.ba\/mojevijesti\/wp-json\/wp\/v2\/media?parent=29980"}],"wp:term":[{"taxonomy":"category","embeddable":true,"href":"https:\/\/modusportal.ba\/mojevijesti\/wp-json\/wp\/v2\/categories?post=29980"},{"taxonomy":"post_tag","embeddable":true,"href":"https:\/\/modusportal.ba\/mojevijesti\/wp-json\/wp\/v2\/tags?post=29980"}],"curies":[{"name":"wp","href":"https:\/\/api.w.org\/{rel}","templated":true}]}}