{"id":29996,"date":"2025-08-07T03:03:31","date_gmt":"2025-08-07T03:03:31","guid":{"rendered":"https:\/\/modusportal.ba\/mojevijesti\/2025\/08\/07\/camil-durakovic-prvi-platio-ceh-nakon-sto-je-dodiku-oduzet-mandat\/"},"modified":"2025-08-07T03:03:31","modified_gmt":"2025-08-07T03:03:31","slug":"camil-durakovic-prvi-platio-ceh-nakon-sto-je-dodiku-oduzet-mandat","status":"publish","type":"post","link":"https:\/\/modusportal.ba\/mojevijesti\/2025\/08\/07\/camil-durakovic-prvi-platio-ceh-nakon-sto-je-dodiku-oduzet-mandat\/","title":{"rendered":"\u0106amil Durakovi\u0107 prvi platio ceh nakon \u0161to je Dodiku oduzet mandat"},"content":{"rendered":"<p><\/p>\n<p><img loading=\"lazy\" decoding=\"async\" loading=\"lazy\" width=\"1024\" height=\"538\" src=\"https:\/\/cdn.fokus.ba\/wp-content\/uploads\/2024\/10\/camil-durakovic-fena-1024x538.jpg\" class=\"attachment-large size-large wp-post-image\" alt=\"\u0106amil Durakovi\u0107\"><\/p>\n<p>Ostao i bez stana, vlansik zgrade ga odmah nazvao i rekao da mora da napusti zgradu, uzeli i slu\u017ebeni auto<\/p>\n<p><a href=\"https:\/\/www.fokus.ba\/vijesti\/bih\/camil-durakovic-prvi-platio-ceh-nakon-sto-je-dodiku-oduzet-mandat\/3483261\/\">Fokus.ba <\/a><\/p>\n","protected":false},"excerpt":{"rendered":"<p>Ostao i bez stana, vlansik zgrade ga odmah nazvao i rekao da mora da napusti zgradu, uzeli i slu\u017ebeni auto Fokus.ba<\/p>\n","protected":false},"author":1,"featured_media":29997,"comment_status":"open","ping_status":"open","sticky":false,"template":"","format":"standard","meta":{"_siteseo_robots_primary_cat":"","footnotes":""},"categories":[],"tags":[],"class_list":["post-29996","post","type-post","status-publish","format-standard","has-post-thumbnail"],"_links":{"self":[{"href":"https:\/\/modusportal.ba\/mojevijesti\/wp-json\/wp\/v2\/posts\/29996","targetHints":{"allow":["GET"]}}],"collection":[{"href":"https:\/\/modusportal.ba\/mojevijesti\/wp-json\/wp\/v2\/posts"}],"about":[{"href":"https:\/\/modusportal.ba\/mojevijesti\/wp-json\/wp\/v2\/types\/post"}],"author":[{"embeddable":true,"href":"https:\/\/modusportal.ba\/mojevijesti\/wp-json\/wp\/v2\/users\/1"}],"replies":[{"embeddable":true,"href":"https:\/\/modusportal.ba\/mojevijesti\/wp-json\/wp\/v2\/comments?post=29996"}],"version-history":[{"count":0,"href":"https:\/\/modusportal.ba\/mojevijesti\/wp-json\/wp\/v2\/posts\/29996\/revisions"}],"wp:featuredmedia":[{"embeddable":true,"href":"https:\/\/modusportal.ba\/mojevijesti\/wp-json\/wp\/v2\/media\/29997"}],"wp:attachment":[{"href":"https:\/\/modusportal.ba\/mojevijesti\/wp-json\/wp\/v2\/media?parent=29996"}],"wp:term":[{"taxonomy":"category","embeddable":true,"href":"https:\/\/modusportal.ba\/mojevijesti\/wp-json\/wp\/v2\/categories?post=29996"},{"taxonomy":"post_tag","embeddable":true,"href":"https:\/\/modusportal.ba\/mojevijesti\/wp-json\/wp\/v2\/tags?post=29996"}],"curies":[{"name":"wp","href":"https:\/\/api.w.org\/{rel}","templated":true}]}}