{"id":30029,"date":"2025-08-11T12:36:57","date_gmt":"2025-08-11T12:36:57","guid":{"rendered":"https:\/\/modusportal.ba\/mojevijesti\/2025\/08\/11\/vukanovic-o-gostovanju-dodika-na-rtrs-u-vrijeda-sve-muslimane-svijeta-gura-srbe-u-propast\/"},"modified":"2025-08-11T12:36:57","modified_gmt":"2025-08-11T12:36:57","slug":"vukanovic-o-gostovanju-dodika-na-rtrs-u-vrijeda-sve-muslimane-svijeta-gura-srbe-u-propast","status":"publish","type":"post","link":"https:\/\/modusportal.ba\/mojevijesti\/2025\/08\/11\/vukanovic-o-gostovanju-dodika-na-rtrs-u-vrijeda-sve-muslimane-svijeta-gura-srbe-u-propast\/","title":{"rendered":"Vukanovi\u0107 o gostovanju Dodika na RTRS-u: Vrije\u0111a sve muslimane svijeta. Gura Srbe u propast"},"content":{"rendered":"<p><\/p>\n<p><img loading=\"lazy\" decoding=\"async\" loading=\"lazy\" width=\"1024\" height=\"538\" src=\"https:\/\/cdn.fokus.ba\/wp-content\/uploads\/2025\/08\/dodik-vukanovic-1024x538.webp\" class=\"attachment-large size-large wp-post-image\" alt=\"dodik vukanovic\"><\/p>\n<p>Dodao je da je Dodik bijesan, frustriran, zabrinut, upla\u0161en, ogor\u010den, a da svoje stanje i emocije ne mo\u017ee da sakrije<\/p>\n<p><a href=\"https:\/\/www.fokus.ba\/vijesti\/bih\/vukanovic-o-gostovanju-dodika-na-rtrs-u-vrijedja-sve-muslimane-svijeta-gura-srbe-u-propast\/3484242\/\">Fokus.ba <\/a><\/p>\n","protected":false},"excerpt":{"rendered":"<p>Dodao je da je Dodik bijesan, frustriran, zabrinut, upla\u0161en, ogor\u010den, a da svoje stanje i emocije ne mo\u017ee da sakrije Fokus.ba<\/p>\n","protected":false},"author":1,"featured_media":30030,"comment_status":"open","ping_status":"open","sticky":false,"template":"","format":"standard","meta":{"_siteseo_robots_primary_cat":"","footnotes":""},"categories":[],"tags":[],"class_list":["post-30029","post","type-post","status-publish","format-standard","has-post-thumbnail"],"_links":{"self":[{"href":"https:\/\/modusportal.ba\/mojevijesti\/wp-json\/wp\/v2\/posts\/30029","targetHints":{"allow":["GET"]}}],"collection":[{"href":"https:\/\/modusportal.ba\/mojevijesti\/wp-json\/wp\/v2\/posts"}],"about":[{"href":"https:\/\/modusportal.ba\/mojevijesti\/wp-json\/wp\/v2\/types\/post"}],"author":[{"embeddable":true,"href":"https:\/\/modusportal.ba\/mojevijesti\/wp-json\/wp\/v2\/users\/1"}],"replies":[{"embeddable":true,"href":"https:\/\/modusportal.ba\/mojevijesti\/wp-json\/wp\/v2\/comments?post=30029"}],"version-history":[{"count":0,"href":"https:\/\/modusportal.ba\/mojevijesti\/wp-json\/wp\/v2\/posts\/30029\/revisions"}],"wp:featuredmedia":[{"embeddable":true,"href":"https:\/\/modusportal.ba\/mojevijesti\/wp-json\/wp\/v2\/media\/30030"}],"wp:attachment":[{"href":"https:\/\/modusportal.ba\/mojevijesti\/wp-json\/wp\/v2\/media?parent=30029"}],"wp:term":[{"taxonomy":"category","embeddable":true,"href":"https:\/\/modusportal.ba\/mojevijesti\/wp-json\/wp\/v2\/categories?post=30029"},{"taxonomy":"post_tag","embeddable":true,"href":"https:\/\/modusportal.ba\/mojevijesti\/wp-json\/wp\/v2\/tags?post=30029"}],"curies":[{"name":"wp","href":"https:\/\/api.w.org\/{rel}","templated":true}]}}