{"id":30039,"date":"2025-08-13T01:40:25","date_gmt":"2025-08-13T01:40:25","guid":{"rendered":"https:\/\/modusportal.ba\/mojevijesti\/2025\/08\/13\/trumpova-administracija-kritikovala-dodika-za-destabilizaciju-bih-u-novom-izvjestaju\/"},"modified":"2025-08-13T01:40:25","modified_gmt":"2025-08-13T01:40:25","slug":"trumpova-administracija-kritikovala-dodika-za-destabilizaciju-bih-u-novom-izvjestaju","status":"publish","type":"post","link":"https:\/\/modusportal.ba\/mojevijesti\/2025\/08\/13\/trumpova-administracija-kritikovala-dodika-za-destabilizaciju-bih-u-novom-izvjestaju\/","title":{"rendered":"Trumpova administracija kritikovala Dodika za destabilizaciju BiH u novom izvje\u0161taju"},"content":{"rendered":"<p><\/p>\n<p><img loading=\"lazy\" decoding=\"async\" loading=\"lazy\" width=\"1024\" height=\"538\" src=\"https:\/\/cdn.fokus.ba\/wp-content\/uploads\/2025\/03\/trump-kongres-1024x538.webp\" class=\"attachment-large size-large wp-post-image\" alt=\"trump kongres\"><\/p>\n<p>Godi\u0161nji izvje\u0161taji o stanju ljudskih prava, koji SAD objavljuju, pokrivaju status me\u0111unarodno priznatih ljudskih prava i prava radnika u gotovo 200 zemalja \u0161irom svijeta<\/p>\n<p><a href=\"https:\/\/www.fokus.ba\/vijesti\/bih\/trumpova-administracija-kritikovala-dodika-za-destabilizaciju-bih-u-novom-izvjestaju\/3484602\/\">Fokus.ba <\/a><\/p>\n","protected":false},"excerpt":{"rendered":"<p>Godi\u0161nji izvje\u0161taji o stanju ljudskih prava, koji SAD objavljuju, pokrivaju status me\u0111unarodno priznatih ljudskih prava i prava radnika u gotovo 200 zemalja \u0161irom svijeta Fokus.ba<\/p>\n","protected":false},"author":1,"featured_media":30040,"comment_status":"open","ping_status":"open","sticky":false,"template":"","format":"standard","meta":{"_siteseo_robots_primary_cat":"","footnotes":""},"categories":[],"tags":[],"class_list":["post-30039","post","type-post","status-publish","format-standard","has-post-thumbnail"],"_links":{"self":[{"href":"https:\/\/modusportal.ba\/mojevijesti\/wp-json\/wp\/v2\/posts\/30039","targetHints":{"allow":["GET"]}}],"collection":[{"href":"https:\/\/modusportal.ba\/mojevijesti\/wp-json\/wp\/v2\/posts"}],"about":[{"href":"https:\/\/modusportal.ba\/mojevijesti\/wp-json\/wp\/v2\/types\/post"}],"author":[{"embeddable":true,"href":"https:\/\/modusportal.ba\/mojevijesti\/wp-json\/wp\/v2\/users\/1"}],"replies":[{"embeddable":true,"href":"https:\/\/modusportal.ba\/mojevijesti\/wp-json\/wp\/v2\/comments?post=30039"}],"version-history":[{"count":0,"href":"https:\/\/modusportal.ba\/mojevijesti\/wp-json\/wp\/v2\/posts\/30039\/revisions"}],"wp:featuredmedia":[{"embeddable":true,"href":"https:\/\/modusportal.ba\/mojevijesti\/wp-json\/wp\/v2\/media\/30040"}],"wp:attachment":[{"href":"https:\/\/modusportal.ba\/mojevijesti\/wp-json\/wp\/v2\/media?parent=30039"}],"wp:term":[{"taxonomy":"category","embeddable":true,"href":"https:\/\/modusportal.ba\/mojevijesti\/wp-json\/wp\/v2\/categories?post=30039"},{"taxonomy":"post_tag","embeddable":true,"href":"https:\/\/modusportal.ba\/mojevijesti\/wp-json\/wp\/v2\/tags?post=30039"}],"curies":[{"name":"wp","href":"https:\/\/api.w.org\/{rel}","templated":true}]}}