{"id":30061,"date":"2025-08-15T21:07:43","date_gmt":"2025-08-15T21:07:43","guid":{"rendered":"https:\/\/modusportal.ba\/mojevijesti\/2025\/08\/15\/luna-park-zabava-i-lik-ratka-mladica-na-vasaru-u-bratuncu\/"},"modified":"2025-08-15T21:07:43","modified_gmt":"2025-08-15T21:07:43","slug":"luna-park-zabava-i-lik-ratka-mladica-na-vasaru-u-bratuncu","status":"publish","type":"post","link":"https:\/\/modusportal.ba\/mojevijesti\/2025\/08\/15\/luna-park-zabava-i-lik-ratka-mladica-na-vasaru-u-bratuncu\/","title":{"rendered":"Luna park, zabava i lik Ratka Mladi\u0107a na va\u0161aru u Bratuncu"},"content":{"rendered":"<p><\/p>\n<p><img loading=\"lazy\" decoding=\"async\" loading=\"lazy\" width=\"1024\" height=\"538\" src=\"https:\/\/cdn.fokus.ba\/wp-content\/uploads\/2025\/08\/festival-Facebook-Drinamedia.net_-1024x538.jpg\" class=\"attachment-large size-large wp-post-image\" alt=\"festival bratunac\"><\/p>\n<p>\u201cTra\u017eit \u0107u da mi pismeno odgovori za ono sino\u0107 nereagovanje njihovo, policije i inspektora koji su bili a nisu reagovali. Imam pravo da ka\u017eem da su oni sau\u010desnici provokacije Bo\u0161njaka\u201d, govori Dedi\u0107<\/p>\n<p><a href=\"https:\/\/www.fokus.ba\/vijesti\/bih\/luna-park-zabava-i-lik-ratka-mladica-na-vasaru-u-bratuncu\/3485297\/\">Fokus.ba <\/a><\/p>\n","protected":false},"excerpt":{"rendered":"<p>\u201cTra\u017eit \u0107u da mi pismeno odgovori za ono sino\u0107 nereagovanje njihovo, policije i inspektora koji su bili a nisu reagovali. Imam pravo da ka\u017eem da su oni sau\u010desnici provokacije Bo\u0161njaka\u201d, govori Dedi\u0107 Fokus.ba<\/p>\n","protected":false},"author":1,"featured_media":30062,"comment_status":"open","ping_status":"open","sticky":false,"template":"","format":"standard","meta":{"_siteseo_robots_primary_cat":"","footnotes":""},"categories":[],"tags":[],"class_list":["post-30061","post","type-post","status-publish","format-standard","has-post-thumbnail"],"_links":{"self":[{"href":"https:\/\/modusportal.ba\/mojevijesti\/wp-json\/wp\/v2\/posts\/30061","targetHints":{"allow":["GET"]}}],"collection":[{"href":"https:\/\/modusportal.ba\/mojevijesti\/wp-json\/wp\/v2\/posts"}],"about":[{"href":"https:\/\/modusportal.ba\/mojevijesti\/wp-json\/wp\/v2\/types\/post"}],"author":[{"embeddable":true,"href":"https:\/\/modusportal.ba\/mojevijesti\/wp-json\/wp\/v2\/users\/1"}],"replies":[{"embeddable":true,"href":"https:\/\/modusportal.ba\/mojevijesti\/wp-json\/wp\/v2\/comments?post=30061"}],"version-history":[{"count":0,"href":"https:\/\/modusportal.ba\/mojevijesti\/wp-json\/wp\/v2\/posts\/30061\/revisions"}],"wp:featuredmedia":[{"embeddable":true,"href":"https:\/\/modusportal.ba\/mojevijesti\/wp-json\/wp\/v2\/media\/30062"}],"wp:attachment":[{"href":"https:\/\/modusportal.ba\/mojevijesti\/wp-json\/wp\/v2\/media?parent=30061"}],"wp:term":[{"taxonomy":"category","embeddable":true,"href":"https:\/\/modusportal.ba\/mojevijesti\/wp-json\/wp\/v2\/categories?post=30061"},{"taxonomy":"post_tag","embeddable":true,"href":"https:\/\/modusportal.ba\/mojevijesti\/wp-json\/wp\/v2\/tags?post=30061"}],"curies":[{"name":"wp","href":"https:\/\/api.w.org\/{rel}","templated":true}]}}