{"id":30063,"date":"2025-08-16T03:10:35","date_gmt":"2025-08-16T03:10:35","guid":{"rendered":"https:\/\/modusportal.ba\/mojevijesti\/2025\/08\/16\/uoci-pocetka-sff-a-podrska-grupe-gradana-narodu-palestine\/"},"modified":"2025-08-16T03:10:35","modified_gmt":"2025-08-16T03:10:35","slug":"uoci-pocetka-sff-a-podrska-grupe-gradana-narodu-palestine","status":"publish","type":"post","link":"https:\/\/modusportal.ba\/mojevijesti\/2025\/08\/16\/uoci-pocetka-sff-a-podrska-grupe-gradana-narodu-palestine\/","title":{"rendered":"Uo\u010di po\u010detka SFF-a: Podr\u0161ka grupe gra\u0111ana narodu Palestine"},"content":{"rendered":"<p><\/p>\n<p><img loading=\"lazy\" decoding=\"async\" loading=\"lazy\" width=\"1024\" height=\"538\" src=\"https:\/\/cdn.fokus.ba\/wp-content\/uploads\/2025\/08\/sff-palestina-fena-1024x538.jpg\" class=\"attachment-large size-large wp-post-image\" alt=\"sff palestina\"><\/p>\n<p>Oni su poru\u010dili da \u017eele iskoristiti trenutak kada je Sarajevo u fokusu svjetske javnosti te podsjetiti na patnju palestinskog naroda<\/p>\n<p><a href=\"https:\/\/www.fokus.ba\/vijesti\/bih\/uoci-pocetka-sff-a-podrska-grupe-gradjana-narodu-palestine\/3485293\/\">Fokus.ba <\/a><\/p>\n","protected":false},"excerpt":{"rendered":"<p>Oni su poru\u010dili da \u017eele iskoristiti trenutak kada je Sarajevo u fokusu svjetske javnosti te podsjetiti na patnju palestinskog naroda Fokus.ba<\/p>\n","protected":false},"author":1,"featured_media":30064,"comment_status":"open","ping_status":"open","sticky":false,"template":"","format":"standard","meta":{"_siteseo_robots_primary_cat":"","footnotes":""},"categories":[],"tags":[],"class_list":["post-30063","post","type-post","status-publish","format-standard","has-post-thumbnail"],"_links":{"self":[{"href":"https:\/\/modusportal.ba\/mojevijesti\/wp-json\/wp\/v2\/posts\/30063","targetHints":{"allow":["GET"]}}],"collection":[{"href":"https:\/\/modusportal.ba\/mojevijesti\/wp-json\/wp\/v2\/posts"}],"about":[{"href":"https:\/\/modusportal.ba\/mojevijesti\/wp-json\/wp\/v2\/types\/post"}],"author":[{"embeddable":true,"href":"https:\/\/modusportal.ba\/mojevijesti\/wp-json\/wp\/v2\/users\/1"}],"replies":[{"embeddable":true,"href":"https:\/\/modusportal.ba\/mojevijesti\/wp-json\/wp\/v2\/comments?post=30063"}],"version-history":[{"count":0,"href":"https:\/\/modusportal.ba\/mojevijesti\/wp-json\/wp\/v2\/posts\/30063\/revisions"}],"wp:featuredmedia":[{"embeddable":true,"href":"https:\/\/modusportal.ba\/mojevijesti\/wp-json\/wp\/v2\/media\/30064"}],"wp:attachment":[{"href":"https:\/\/modusportal.ba\/mojevijesti\/wp-json\/wp\/v2\/media?parent=30063"}],"wp:term":[{"taxonomy":"category","embeddable":true,"href":"https:\/\/modusportal.ba\/mojevijesti\/wp-json\/wp\/v2\/categories?post=30063"},{"taxonomy":"post_tag","embeddable":true,"href":"https:\/\/modusportal.ba\/mojevijesti\/wp-json\/wp\/v2\/tags?post=30063"}],"curies":[{"name":"wp","href":"https:\/\/api.w.org\/{rel}","templated":true}]}}