{"id":30080,"date":"2025-08-18T11:03:27","date_gmt":"2025-08-18T11:03:27","guid":{"rendered":"https:\/\/modusportal.ba\/mojevijesti\/2025\/08\/18\/radovan-viskovic-podnio-ostavku-bira-se-nova-vlada-nikad-se-nisam-bolje-osjecao\/"},"modified":"2025-08-18T11:03:27","modified_gmt":"2025-08-18T11:03:27","slug":"radovan-viskovic-podnio-ostavku-bira-se-nova-vlada-nikad-se-nisam-bolje-osjecao","status":"publish","type":"post","link":"https:\/\/modusportal.ba\/mojevijesti\/2025\/08\/18\/radovan-viskovic-podnio-ostavku-bira-se-nova-vlada-nikad-se-nisam-bolje-osjecao\/","title":{"rendered":"Radovan Vi\u0161kovi\u0107 podnio ostavku, bira se nova Vlada: \u201cNikad se nisam bolje osje\u0107ao"},"content":{"rendered":"<p><\/p>\n<p><img loading=\"lazy\" decoding=\"async\" loading=\"lazy\" width=\"1024\" height=\"538\" src=\"https:\/\/cdn.fokus.ba\/wp-content\/uploads\/2025\/08\/viskovic-1024x538.webp\" class=\"attachment-large size-large wp-post-image\" alt=\"\"><\/p>\n<p>Vi\u0161kovi\u0107 je dodao da je u dogovoru sa predsjednikom entiteta i ostalim akterima odlu\u010deno da se bira nova Vlada RS<\/p>\n<p><a href=\"https:\/\/www.fokus.ba\/vijesti\/bih\/radovan-viskovic-podnio-ostavku-bira-se-nova-vlada-nikad-se-nisam-bolje-osjecao\/3485877\/\">Fokus.ba <\/a><\/p>\n","protected":false},"excerpt":{"rendered":"<p>Vi\u0161kovi\u0107 je dodao da je u dogovoru sa predsjednikom entiteta i ostalim akterima odlu\u010deno da se bira nova Vlada RS Fokus.ba<\/p>\n","protected":false},"author":1,"featured_media":30081,"comment_status":"open","ping_status":"open","sticky":false,"template":"","format":"standard","meta":{"_siteseo_robots_primary_cat":"","footnotes":""},"categories":[],"tags":[],"class_list":["post-30080","post","type-post","status-publish","format-standard","has-post-thumbnail"],"_links":{"self":[{"href":"https:\/\/modusportal.ba\/mojevijesti\/wp-json\/wp\/v2\/posts\/30080","targetHints":{"allow":["GET"]}}],"collection":[{"href":"https:\/\/modusportal.ba\/mojevijesti\/wp-json\/wp\/v2\/posts"}],"about":[{"href":"https:\/\/modusportal.ba\/mojevijesti\/wp-json\/wp\/v2\/types\/post"}],"author":[{"embeddable":true,"href":"https:\/\/modusportal.ba\/mojevijesti\/wp-json\/wp\/v2\/users\/1"}],"replies":[{"embeddable":true,"href":"https:\/\/modusportal.ba\/mojevijesti\/wp-json\/wp\/v2\/comments?post=30080"}],"version-history":[{"count":0,"href":"https:\/\/modusportal.ba\/mojevijesti\/wp-json\/wp\/v2\/posts\/30080\/revisions"}],"wp:featuredmedia":[{"embeddable":true,"href":"https:\/\/modusportal.ba\/mojevijesti\/wp-json\/wp\/v2\/media\/30081"}],"wp:attachment":[{"href":"https:\/\/modusportal.ba\/mojevijesti\/wp-json\/wp\/v2\/media?parent=30080"}],"wp:term":[{"taxonomy":"category","embeddable":true,"href":"https:\/\/modusportal.ba\/mojevijesti\/wp-json\/wp\/v2\/categories?post=30080"},{"taxonomy":"post_tag","embeddable":true,"href":"https:\/\/modusportal.ba\/mojevijesti\/wp-json\/wp\/v2\/tags?post=30080"}],"curies":[{"name":"wp","href":"https:\/\/api.w.org\/{rel}","templated":true}]}}