{"id":30088,"date":"2025-08-19T11:37:24","date_gmt":"2025-08-19T11:37:24","guid":{"rendered":"https:\/\/modusportal.ba\/mojevijesti\/2025\/08\/19\/nakon-dvije-godine-odbacena-prijava-zbog-muzike-iz-crkve-na-dan-komemoracije-u-srebrenici\/"},"modified":"2025-08-19T11:37:24","modified_gmt":"2025-08-19T11:37:24","slug":"nakon-dvije-godine-odbacena-prijava-zbog-muzike-iz-crkve-na-dan-komemoracije-u-srebrenici","status":"publish","type":"post","link":"https:\/\/modusportal.ba\/mojevijesti\/2025\/08\/19\/nakon-dvije-godine-odbacena-prijava-zbog-muzike-iz-crkve-na-dan-komemoracije-u-srebrenici\/","title":{"rendered":"Nakon dvije godine odba\u010dena prijava zbog muzike iz crkve na dan komemoracije u Srebrenici"},"content":{"rendered":"<p><\/p>\n<p><img loading=\"lazy\" decoding=\"async\" loading=\"lazy\" width=\"1024\" height=\"538\" src=\"https:\/\/cdn.fokus.ba\/wp-content\/uploads\/2025\/08\/srebrenica-grad-1024x538.jpg\" class=\"attachment-large size-large wp-post-image\" alt=\"\"><\/p>\n<p>Sulji\u0107, koji je prijavio ovaj doga\u0111aj Dr\u017eavnom tu\u017eila\u0161tvu, za Detektor obja\u0161njava da to nije prva prijava koju je poslao za izazivanje nacionalne i vjerske mr\u017enje, razdora i netrpeljivosti, da ga ne iznena\u0111uje negativna odluka, ali da ga ne\u0107e obeshrabriti i sprije\u010diti da to nastavi raditi<\/p>\n<p><a href=\"https:\/\/www.fokus.ba\/vijesti\/bih\/nakon-dvije-godine-odbacena-prijava-zbog-muzike-iz-crkve-na-dan-komemoracije-u-srebrenici\/3486257\/\">Fokus.ba <\/a><\/p>\n","protected":false},"excerpt":{"rendered":"<p>Sulji\u0107, koji je prijavio ovaj doga\u0111aj Dr\u017eavnom tu\u017eila\u0161tvu, za Detektor obja\u0161njava da to nije prva prijava koju je poslao za izazivanje nacionalne i vjerske mr\u017enje, razdora i netrpeljivosti, da ga ne iznena\u0111uje negativna odluka, ali da ga ne\u0107e obeshrabriti i sprije\u010diti da to nastavi raditi Fokus.ba<\/p>\n","protected":false},"author":1,"featured_media":30089,"comment_status":"open","ping_status":"open","sticky":false,"template":"","format":"standard","meta":{"_siteseo_robots_primary_cat":"","footnotes":""},"categories":[],"tags":[],"class_list":["post-30088","post","type-post","status-publish","format-standard","has-post-thumbnail"],"_links":{"self":[{"href":"https:\/\/modusportal.ba\/mojevijesti\/wp-json\/wp\/v2\/posts\/30088","targetHints":{"allow":["GET"]}}],"collection":[{"href":"https:\/\/modusportal.ba\/mojevijesti\/wp-json\/wp\/v2\/posts"}],"about":[{"href":"https:\/\/modusportal.ba\/mojevijesti\/wp-json\/wp\/v2\/types\/post"}],"author":[{"embeddable":true,"href":"https:\/\/modusportal.ba\/mojevijesti\/wp-json\/wp\/v2\/users\/1"}],"replies":[{"embeddable":true,"href":"https:\/\/modusportal.ba\/mojevijesti\/wp-json\/wp\/v2\/comments?post=30088"}],"version-history":[{"count":0,"href":"https:\/\/modusportal.ba\/mojevijesti\/wp-json\/wp\/v2\/posts\/30088\/revisions"}],"wp:featuredmedia":[{"embeddable":true,"href":"https:\/\/modusportal.ba\/mojevijesti\/wp-json\/wp\/v2\/media\/30089"}],"wp:attachment":[{"href":"https:\/\/modusportal.ba\/mojevijesti\/wp-json\/wp\/v2\/media?parent=30088"}],"wp:term":[{"taxonomy":"category","embeddable":true,"href":"https:\/\/modusportal.ba\/mojevijesti\/wp-json\/wp\/v2\/categories?post=30088"},{"taxonomy":"post_tag","embeddable":true,"href":"https:\/\/modusportal.ba\/mojevijesti\/wp-json\/wp\/v2\/tags?post=30088"}],"curies":[{"name":"wp","href":"https:\/\/api.w.org\/{rel}","templated":true}]}}