{"id":30104,"date":"2025-08-21T12:25:29","date_gmt":"2025-08-21T12:25:29","guid":{"rendered":"https:\/\/modusportal.ba\/mojevijesti\/2025\/08\/21\/vukanovic-dodik-je-bio-upao-u-trans-i-poludio-trazit-ce-da-me-u-prvoj-sekundi-izbace-sa-sjednice\/"},"modified":"2025-08-21T12:25:29","modified_gmt":"2025-08-21T12:25:29","slug":"vukanovic-dodik-je-bio-upao-u-trans-i-poludio-trazit-ce-da-me-u-prvoj-sekundi-izbace-sa-sjednice","status":"publish","type":"post","link":"https:\/\/modusportal.ba\/mojevijesti\/2025\/08\/21\/vukanovic-dodik-je-bio-upao-u-trans-i-poludio-trazit-ce-da-me-u-prvoj-sekundi-izbace-sa-sjednice\/","title":{"rendered":"Vukanovi\u0107: Dodik je bio upao u trans i poludio. Tra\u017eit \u0107e da me u prvoj sekundi izbace sa sjednice"},"content":{"rendered":"<p><\/p>\n<p><img loading=\"lazy\" decoding=\"async\" loading=\"lazy\" width=\"1024\" height=\"538\" src=\"https:\/\/cdn.fokus.ba\/wp-content\/uploads\/2025\/06\/vukanovic-banja-luka-1024x538.webp\" class=\"attachment-large size-large wp-post-image\" alt=\"vukanovic banja luka\"><\/p>\n<p>Napomenuo je da je Dodik prihvatio legitimitet i Suda BiH i Tu\u017eila\u0161tva i Ustavnog suda BiH, i sad ide za Strazbur, kad mu odgovori Ustavni sud BiH<\/p>\n<p><a href=\"https:\/\/www.fokus.ba\/vijesti\/bih\/vukanovic-pretpostavljam-da-ce-kao-dosad-traziti-da-me-u-prvoj-sekundi-izbace-sa-sjednice\/3487148\/\">Fokus.ba <\/a><\/p>\n","protected":false},"excerpt":{"rendered":"<p>Napomenuo je da je Dodik prihvatio legitimitet i Suda BiH i Tu\u017eila\u0161tva i Ustavnog suda BiH, i sad ide za Strazbur, kad mu odgovori Ustavni sud BiH Fokus.ba<\/p>\n","protected":false},"author":1,"featured_media":30105,"comment_status":"open","ping_status":"open","sticky":false,"template":"","format":"standard","meta":{"_siteseo_robots_primary_cat":"","footnotes":""},"categories":[],"tags":[],"class_list":["post-30104","post","type-post","status-publish","format-standard","has-post-thumbnail"],"_links":{"self":[{"href":"https:\/\/modusportal.ba\/mojevijesti\/wp-json\/wp\/v2\/posts\/30104","targetHints":{"allow":["GET"]}}],"collection":[{"href":"https:\/\/modusportal.ba\/mojevijesti\/wp-json\/wp\/v2\/posts"}],"about":[{"href":"https:\/\/modusportal.ba\/mojevijesti\/wp-json\/wp\/v2\/types\/post"}],"author":[{"embeddable":true,"href":"https:\/\/modusportal.ba\/mojevijesti\/wp-json\/wp\/v2\/users\/1"}],"replies":[{"embeddable":true,"href":"https:\/\/modusportal.ba\/mojevijesti\/wp-json\/wp\/v2\/comments?post=30104"}],"version-history":[{"count":0,"href":"https:\/\/modusportal.ba\/mojevijesti\/wp-json\/wp\/v2\/posts\/30104\/revisions"}],"wp:featuredmedia":[{"embeddable":true,"href":"https:\/\/modusportal.ba\/mojevijesti\/wp-json\/wp\/v2\/media\/30105"}],"wp:attachment":[{"href":"https:\/\/modusportal.ba\/mojevijesti\/wp-json\/wp\/v2\/media?parent=30104"}],"wp:term":[{"taxonomy":"category","embeddable":true,"href":"https:\/\/modusportal.ba\/mojevijesti\/wp-json\/wp\/v2\/categories?post=30104"},{"taxonomy":"post_tag","embeddable":true,"href":"https:\/\/modusportal.ba\/mojevijesti\/wp-json\/wp\/v2\/tags?post=30104"}],"curies":[{"name":"wp","href":"https:\/\/api.w.org\/{rel}","templated":true}]}}