{"id":30108,"date":"2025-08-22T01:02:40","date_gmt":"2025-08-22T01:02:40","guid":{"rendered":"https:\/\/modusportal.ba\/mojevijesti\/2025\/08\/22\/protest-u-konjicu-zbog-ucestalih-nesreca-gradani-se-okupljaju-na-problematicnom-raskrscu\/"},"modified":"2025-08-22T01:02:40","modified_gmt":"2025-08-22T01:02:40","slug":"protest-u-konjicu-zbog-ucestalih-nesreca-gradani-se-okupljaju-na-problematicnom-raskrscu","status":"publish","type":"post","link":"https:\/\/modusportal.ba\/mojevijesti\/2025\/08\/22\/protest-u-konjicu-zbog-ucestalih-nesreca-gradani-se-okupljaju-na-problematicnom-raskrscu\/","title":{"rendered":"Protest u Konjicu zbog u\u010destalih nesre\u0107a: Gra\u0111ani se okupljaju na problemati\u010dnom raskr\u0161\u0107u"},"content":{"rendered":"<p><\/p>\n<p><img loading=\"lazy\" decoding=\"async\" loading=\"lazy\" width=\"1024\" height=\"538\" src=\"https:\/\/cdn.fokus.ba\/wp-content\/uploads\/2025\/08\/saobracajna-nesreca-konjic-raskrsce-1024x538.jpg\" class=\"attachment-large size-large wp-post-image\" alt=\"saobra\u0107ajna nesreca konjic raskrsce\"><\/p>\n<p>Gra\u0111ani su nezadovoljni jer, kako ka\u017eu, vlasti poku\u0161avaju rasteretiti saobra\u0107aj za prolaznike i turiste, dok se sigurnost lokalnog stanovni\u0161tva stavlja u drugi plan<\/p>\n<p><a href=\"https:\/\/www.fokus.ba\/vijesti\/bih\/protest-u-konjicu-zbog-ucestalih-nesreca-gradjani-se-okupljaju-na-problematicnom-raskrscu\/3487237\/\">Fokus.ba <\/a><\/p>\n","protected":false},"excerpt":{"rendered":"<p>Gra\u0111ani su nezadovoljni jer, kako ka\u017eu, vlasti poku\u0161avaju rasteretiti saobra\u0107aj za prolaznike i turiste, dok se sigurnost lokalnog stanovni\u0161tva stavlja u drugi plan Fokus.ba<\/p>\n","protected":false},"author":1,"featured_media":30109,"comment_status":"open","ping_status":"open","sticky":false,"template":"","format":"standard","meta":{"_siteseo_robots_primary_cat":"","footnotes":""},"categories":[],"tags":[],"class_list":["post-30108","post","type-post","status-publish","format-standard","has-post-thumbnail"],"_links":{"self":[{"href":"https:\/\/modusportal.ba\/mojevijesti\/wp-json\/wp\/v2\/posts\/30108","targetHints":{"allow":["GET"]}}],"collection":[{"href":"https:\/\/modusportal.ba\/mojevijesti\/wp-json\/wp\/v2\/posts"}],"about":[{"href":"https:\/\/modusportal.ba\/mojevijesti\/wp-json\/wp\/v2\/types\/post"}],"author":[{"embeddable":true,"href":"https:\/\/modusportal.ba\/mojevijesti\/wp-json\/wp\/v2\/users\/1"}],"replies":[{"embeddable":true,"href":"https:\/\/modusportal.ba\/mojevijesti\/wp-json\/wp\/v2\/comments?post=30108"}],"version-history":[{"count":0,"href":"https:\/\/modusportal.ba\/mojevijesti\/wp-json\/wp\/v2\/posts\/30108\/revisions"}],"wp:featuredmedia":[{"embeddable":true,"href":"https:\/\/modusportal.ba\/mojevijesti\/wp-json\/wp\/v2\/media\/30109"}],"wp:attachment":[{"href":"https:\/\/modusportal.ba\/mojevijesti\/wp-json\/wp\/v2\/media?parent=30108"}],"wp:term":[{"taxonomy":"category","embeddable":true,"href":"https:\/\/modusportal.ba\/mojevijesti\/wp-json\/wp\/v2\/categories?post=30108"},{"taxonomy":"post_tag","embeddable":true,"href":"https:\/\/modusportal.ba\/mojevijesti\/wp-json\/wp\/v2\/tags?post=30108"}],"curies":[{"name":"wp","href":"https:\/\/api.w.org\/{rel}","templated":true}]}}