{"id":30110,"date":"2025-08-22T07:03:40","date_gmt":"2025-08-22T07:03:40","guid":{"rendered":"https:\/\/modusportal.ba\/mojevijesti\/2025\/08\/22\/kisa-ugasila-pozar-kod-neuma\/"},"modified":"2025-08-22T07:03:40","modified_gmt":"2025-08-22T07:03:40","slug":"kisa-ugasila-pozar-kod-neuma","status":"publish","type":"post","link":"https:\/\/modusportal.ba\/mojevijesti\/2025\/08\/22\/kisa-ugasila-pozar-kod-neuma\/","title":{"rendered":"Ki\u0161a ugasila po\u017ear kod Neuma"},"content":{"rendered":"<p><\/p>\n<p><img loading=\"lazy\" decoding=\"async\" loading=\"lazy\" width=\"1024\" height=\"538\" src=\"https:\/\/cdn.fokus.ba\/wp-content\/uploads\/2025\/08\/pozar-neum-1024x538.jpg\" class=\"attachment-large size-large wp-post-image\" alt=\"\"><\/p>\n<p>Prema rije\u010dima de\u017eurnih vatrogasaca, ki\u0161a je po\u010dela padati oko 2 sata iza pono\u0107i, a od 3 sata pa sve do jutra ekipe su ostale na terenu nadziru\u0107i po\u017eari\u0161te<\/p>\n<p><a href=\"https:\/\/www.fokus.ba\/vijesti\/bih\/kisa-ugasila-pozar-kod-neuma\/3487292\/\">Fokus.ba <\/a><\/p>\n","protected":false},"excerpt":{"rendered":"<p>Prema rije\u010dima de\u017eurnih vatrogasaca, ki\u0161a je po\u010dela padati oko 2 sata iza pono\u0107i, a od 3 sata pa sve do jutra ekipe su ostale na terenu nadziru\u0107i po\u017eari\u0161te Fokus.ba<\/p>\n","protected":false},"author":1,"featured_media":30111,"comment_status":"open","ping_status":"open","sticky":false,"template":"","format":"standard","meta":{"_siteseo_robots_primary_cat":"","footnotes":""},"categories":[],"tags":[],"class_list":["post-30110","post","type-post","status-publish","format-standard","has-post-thumbnail"],"_links":{"self":[{"href":"https:\/\/modusportal.ba\/mojevijesti\/wp-json\/wp\/v2\/posts\/30110","targetHints":{"allow":["GET"]}}],"collection":[{"href":"https:\/\/modusportal.ba\/mojevijesti\/wp-json\/wp\/v2\/posts"}],"about":[{"href":"https:\/\/modusportal.ba\/mojevijesti\/wp-json\/wp\/v2\/types\/post"}],"author":[{"embeddable":true,"href":"https:\/\/modusportal.ba\/mojevijesti\/wp-json\/wp\/v2\/users\/1"}],"replies":[{"embeddable":true,"href":"https:\/\/modusportal.ba\/mojevijesti\/wp-json\/wp\/v2\/comments?post=30110"}],"version-history":[{"count":0,"href":"https:\/\/modusportal.ba\/mojevijesti\/wp-json\/wp\/v2\/posts\/30110\/revisions"}],"wp:featuredmedia":[{"embeddable":true,"href":"https:\/\/modusportal.ba\/mojevijesti\/wp-json\/wp\/v2\/media\/30111"}],"wp:attachment":[{"href":"https:\/\/modusportal.ba\/mojevijesti\/wp-json\/wp\/v2\/media?parent=30110"}],"wp:term":[{"taxonomy":"category","embeddable":true,"href":"https:\/\/modusportal.ba\/mojevijesti\/wp-json\/wp\/v2\/categories?post=30110"},{"taxonomy":"post_tag","embeddable":true,"href":"https:\/\/modusportal.ba\/mojevijesti\/wp-json\/wp\/v2\/tags?post=30110"}],"curies":[{"name":"wp","href":"https:\/\/api.w.org\/{rel}","templated":true}]}}