{"id":30118,"date":"2025-08-23T07:37:08","date_gmt":"2025-08-23T07:37:08","guid":{"rendered":"https:\/\/modusportal.ba\/mojevijesti\/2025\/08\/23\/ovo-je-vrhunac-njegovog-ludila-vukanovic-najavio-da-ce-dodika-prijaviti-tuzilastvu\/"},"modified":"2025-08-23T07:37:08","modified_gmt":"2025-08-23T07:37:08","slug":"ovo-je-vrhunac-njegovog-ludila-vukanovic-najavio-da-ce-dodika-prijaviti-tuzilastvu","status":"publish","type":"post","link":"https:\/\/modusportal.ba\/mojevijesti\/2025\/08\/23\/ovo-je-vrhunac-njegovog-ludila-vukanovic-najavio-da-ce-dodika-prijaviti-tuzilastvu\/","title":{"rendered":"\u201cOvo je vrhunac njegovog ludila\u201d: Vukanovi\u0107 najavio da \u0107e Dodika prijaviti tu\u017eila\u0161tvu"},"content":{"rendered":"<p><\/p>\n<p><img loading=\"lazy\" decoding=\"async\" loading=\"lazy\" width=\"1024\" height=\"538\" src=\"https:\/\/cdn.fokus.ba\/wp-content\/uploads\/2025\/08\/nebojsa-vukanovic-1024x538.webp\" class=\"attachment-large size-large wp-post-image\" alt=\"nebojsa vukanovic\"><\/p>\n<p>Na pitanje koliko je bilo te\u0161ko slu\u0161ati to i ostati smiren odgovorio je da je navikao i da nije te\u0161ko.<\/p>\n<p><a href=\"https:\/\/www.fokus.ba\/vijesti\/bih\/ovo-je-vrhunac-njegovog-ludila-vukanovic-najavio-da-ce-dodika-prijaviti-tuzilastvu\/3487521\/\">Fokus.ba <\/a><\/p>\n","protected":false},"excerpt":{"rendered":"<p>Na pitanje koliko je bilo te\u0161ko slu\u0161ati to i ostati smiren odgovorio je da je navikao i da nije te\u0161ko. Fokus.ba<\/p>\n","protected":false},"author":1,"featured_media":30119,"comment_status":"open","ping_status":"open","sticky":false,"template":"","format":"standard","meta":{"_siteseo_robots_primary_cat":"","footnotes":""},"categories":[],"tags":[],"class_list":["post-30118","post","type-post","status-publish","format-standard","has-post-thumbnail"],"_links":{"self":[{"href":"https:\/\/modusportal.ba\/mojevijesti\/wp-json\/wp\/v2\/posts\/30118","targetHints":{"allow":["GET"]}}],"collection":[{"href":"https:\/\/modusportal.ba\/mojevijesti\/wp-json\/wp\/v2\/posts"}],"about":[{"href":"https:\/\/modusportal.ba\/mojevijesti\/wp-json\/wp\/v2\/types\/post"}],"author":[{"embeddable":true,"href":"https:\/\/modusportal.ba\/mojevijesti\/wp-json\/wp\/v2\/users\/1"}],"replies":[{"embeddable":true,"href":"https:\/\/modusportal.ba\/mojevijesti\/wp-json\/wp\/v2\/comments?post=30118"}],"version-history":[{"count":0,"href":"https:\/\/modusportal.ba\/mojevijesti\/wp-json\/wp\/v2\/posts\/30118\/revisions"}],"wp:featuredmedia":[{"embeddable":true,"href":"https:\/\/modusportal.ba\/mojevijesti\/wp-json\/wp\/v2\/media\/30119"}],"wp:attachment":[{"href":"https:\/\/modusportal.ba\/mojevijesti\/wp-json\/wp\/v2\/media?parent=30118"}],"wp:term":[{"taxonomy":"category","embeddable":true,"href":"https:\/\/modusportal.ba\/mojevijesti\/wp-json\/wp\/v2\/categories?post=30118"},{"taxonomy":"post_tag","embeddable":true,"href":"https:\/\/modusportal.ba\/mojevijesti\/wp-json\/wp\/v2\/tags?post=30118"}],"curies":[{"name":"wp","href":"https:\/\/api.w.org\/{rel}","templated":true}]}}