{"id":30134,"date":"2025-08-25T08:03:47","date_gmt":"2025-08-25T08:03:47","guid":{"rendered":"https:\/\/modusportal.ba\/mojevijesti\/2025\/08\/25\/vukanovic-tvrdi-novi-mandatar-minic-je-tek-statista-samo-je-klimao-sta-mu-sef-govori\/"},"modified":"2025-08-25T08:03:47","modified_gmt":"2025-08-25T08:03:47","slug":"vukanovic-tvrdi-novi-mandatar-minic-je-tek-statista-samo-je-klimao-sta-mu-sef-govori","status":"publish","type":"post","link":"https:\/\/modusportal.ba\/mojevijesti\/2025\/08\/25\/vukanovic-tvrdi-novi-mandatar-minic-je-tek-statista-samo-je-klimao-sta-mu-sef-govori\/","title":{"rendered":"Vukanovi\u0107 tvrdi: \u201cNovi mandatar Mini\u0107 je tek statista, samo je klimao \u0161ta mu \u0161ef govori\u201d"},"content":{"rendered":"<p><\/p>\n<p><img loading=\"lazy\" decoding=\"async\" loading=\"lazy\" width=\"1024\" height=\"538\" src=\"https:\/\/cdn.fokus.ba\/wp-content\/uploads\/2025\/08\/minic-dodik-1024x538.webp\" class=\"attachment-large size-large wp-post-image\" alt=\"\"><\/p>\n<p>Iz Vlade odlazi aktuelni ministar unutra\u0161njih poslova Sini\u0161a Karan, \u0161to Vukanovi\u0107 tuma\u010di kao Dodikovu odmazdu zbog lo\u0161ih savjeta i politi\u010dkog brodoloma u koji je SNSD krenuo<\/p>\n<p><a href=\"https:\/\/www.fokus.ba\/vijesti\/bih\/vukanovic-tvrdi-novi-mandatar-minic-je-tek-statista-samo-je-klimao-sta-mu-sef-govori\/3487908\/\">Fokus.ba <\/a><\/p>\n","protected":false},"excerpt":{"rendered":"<p>Iz Vlade odlazi aktuelni ministar unutra\u0161njih poslova Sini\u0161a Karan, \u0161to Vukanovi\u0107 tuma\u010di kao Dodikovu odmazdu zbog lo\u0161ih savjeta i politi\u010dkog brodoloma u koji je SNSD krenuo Fokus.ba<\/p>\n","protected":false},"author":1,"featured_media":30135,"comment_status":"open","ping_status":"open","sticky":false,"template":"","format":"standard","meta":{"_siteseo_robots_primary_cat":"","footnotes":""},"categories":[],"tags":[],"class_list":["post-30134","post","type-post","status-publish","format-standard","has-post-thumbnail"],"_links":{"self":[{"href":"https:\/\/modusportal.ba\/mojevijesti\/wp-json\/wp\/v2\/posts\/30134","targetHints":{"allow":["GET"]}}],"collection":[{"href":"https:\/\/modusportal.ba\/mojevijesti\/wp-json\/wp\/v2\/posts"}],"about":[{"href":"https:\/\/modusportal.ba\/mojevijesti\/wp-json\/wp\/v2\/types\/post"}],"author":[{"embeddable":true,"href":"https:\/\/modusportal.ba\/mojevijesti\/wp-json\/wp\/v2\/users\/1"}],"replies":[{"embeddable":true,"href":"https:\/\/modusportal.ba\/mojevijesti\/wp-json\/wp\/v2\/comments?post=30134"}],"version-history":[{"count":0,"href":"https:\/\/modusportal.ba\/mojevijesti\/wp-json\/wp\/v2\/posts\/30134\/revisions"}],"wp:featuredmedia":[{"embeddable":true,"href":"https:\/\/modusportal.ba\/mojevijesti\/wp-json\/wp\/v2\/media\/30135"}],"wp:attachment":[{"href":"https:\/\/modusportal.ba\/mojevijesti\/wp-json\/wp\/v2\/media?parent=30134"}],"wp:term":[{"taxonomy":"category","embeddable":true,"href":"https:\/\/modusportal.ba\/mojevijesti\/wp-json\/wp\/v2\/categories?post=30134"},{"taxonomy":"post_tag","embeddable":true,"href":"https:\/\/modusportal.ba\/mojevijesti\/wp-json\/wp\/v2\/tags?post=30134"}],"curies":[{"name":"wp","href":"https:\/\/api.w.org\/{rel}","templated":true}]}}