{"id":30138,"date":"2025-08-25T20:13:44","date_gmt":"2025-08-25T20:13:44","guid":{"rendered":"https:\/\/modusportal.ba\/mojevijesti\/2025\/08\/25\/sta-se-desava-u-pdp-u-crnadak-na-facebooku-najavio-sutnju-o-unutarpartijskim-i-medupartijskim-odnosima\/"},"modified":"2025-08-25T20:13:44","modified_gmt":"2025-08-25T20:13:44","slug":"sta-se-desava-u-pdp-u-crnadak-na-facebooku-najavio-sutnju-o-unutarpartijskim-i-medupartijskim-odnosima","status":"publish","type":"post","link":"https:\/\/modusportal.ba\/mojevijesti\/2025\/08\/25\/sta-se-desava-u-pdp-u-crnadak-na-facebooku-najavio-sutnju-o-unutarpartijskim-i-medupartijskim-odnosima\/","title":{"rendered":"\u0160ta se de\u0161ava u PDP-u? Crnadak na Facebooku najavio \u0161utnju o \u201cunutarpartijskim i me\u0111upartijskim odnosima\u201d"},"content":{"rendered":"<p><\/p>\n<p><img loading=\"lazy\" decoding=\"async\" loading=\"lazy\" width=\"1024\" height=\"538\" src=\"https:\/\/cdn.fokus.ba\/wp-content\/uploads\/2025\/03\/crnadak-1-1024x538.webp\" class=\"attachment-large size-large wp-post-image\" alt=\"crnadak\"><\/p>\n<p>Pri\u010de o podjelama unutar PDP-a koje su izazvali stavovi Stanivukovi\u0107a, sve su glasnije &#8211; Crnadak zamolio medije za razumjevanje<\/p>\n<p><a href=\"https:\/\/www.fokus.ba\/vijesti\/bih\/sta-se-desava-u-pdp-u-crnadak-na-facebooku-najavio-sutnju-o-unutarpartijskim-i-medjupartijskim-odnosima\/3488047\/\">Fokus.ba <\/a><\/p>\n","protected":false},"excerpt":{"rendered":"<p>Pri\u010de o podjelama unutar PDP-a koje su izazvali stavovi Stanivukovi\u0107a, sve su glasnije &#8211; Crnadak zamolio medije za razumjevanje Fokus.ba<\/p>\n","protected":false},"author":1,"featured_media":30139,"comment_status":"open","ping_status":"open","sticky":false,"template":"","format":"standard","meta":{"_siteseo_robots_primary_cat":"","footnotes":""},"categories":[],"tags":[],"class_list":["post-30138","post","type-post","status-publish","format-standard","has-post-thumbnail"],"_links":{"self":[{"href":"https:\/\/modusportal.ba\/mojevijesti\/wp-json\/wp\/v2\/posts\/30138","targetHints":{"allow":["GET"]}}],"collection":[{"href":"https:\/\/modusportal.ba\/mojevijesti\/wp-json\/wp\/v2\/posts"}],"about":[{"href":"https:\/\/modusportal.ba\/mojevijesti\/wp-json\/wp\/v2\/types\/post"}],"author":[{"embeddable":true,"href":"https:\/\/modusportal.ba\/mojevijesti\/wp-json\/wp\/v2\/users\/1"}],"replies":[{"embeddable":true,"href":"https:\/\/modusportal.ba\/mojevijesti\/wp-json\/wp\/v2\/comments?post=30138"}],"version-history":[{"count":0,"href":"https:\/\/modusportal.ba\/mojevijesti\/wp-json\/wp\/v2\/posts\/30138\/revisions"}],"wp:featuredmedia":[{"embeddable":true,"href":"https:\/\/modusportal.ba\/mojevijesti\/wp-json\/wp\/v2\/media\/30139"}],"wp:attachment":[{"href":"https:\/\/modusportal.ba\/mojevijesti\/wp-json\/wp\/v2\/media?parent=30138"}],"wp:term":[{"taxonomy":"category","embeddable":true,"href":"https:\/\/modusportal.ba\/mojevijesti\/wp-json\/wp\/v2\/categories?post=30138"},{"taxonomy":"post_tag","embeddable":true,"href":"https:\/\/modusportal.ba\/mojevijesti\/wp-json\/wp\/v2\/tags?post=30138"}],"curies":[{"name":"wp","href":"https:\/\/api.w.org\/{rel}","templated":true}]}}