{"id":30140,"date":"2025-08-26T02:18:32","date_gmt":"2025-08-26T02:18:32","guid":{"rendered":"https:\/\/modusportal.ba\/mojevijesti\/2025\/08\/26\/darko-culum-ostaje-sef-sipa-spasili-ga-glasovi-iz-reda-hrvatskog-naroda\/"},"modified":"2025-08-26T02:18:32","modified_gmt":"2025-08-26T02:18:32","slug":"darko-culum-ostaje-sef-sipa-spasili-ga-glasovi-iz-reda-hrvatskog-naroda","status":"publish","type":"post","link":"https:\/\/modusportal.ba\/mojevijesti\/2025\/08\/26\/darko-culum-ostaje-sef-sipa-spasili-ga-glasovi-iz-reda-hrvatskog-naroda\/","title":{"rendered":"Darko \u0106ulum ostaje \u0161ef SIPA, spasili ga glasovi iz reda hrvatskog naroda"},"content":{"rendered":"<p><\/p>\n<p><img loading=\"lazy\" decoding=\"async\" loading=\"lazy\" width=\"1024\" height=\"538\" src=\"https:\/\/cdn.fokus.ba\/wp-content\/uploads\/2024\/04\/darko-culum-sipa-1-1024x538.jpg\" class=\"attachment-large size-large wp-post-image\" alt=\"darko \u0107ulum sipa\"><\/p>\n<p>\u0106ulumov zamjenik, koji je u me\u0111uvremenu razrje\u0161en du\u017enosti na vlastiti zahtjev, nalazi se u bjekstvu<\/p>\n<p><a href=\"https:\/\/www.fokus.ba\/vijesti\/bih\/darko-culum-ostaje-sef-sipa-spasili-ga-glasovi-iz-reda-hrvatskog-naroda\/3488040\/\">Fokus.ba <\/a><\/p>\n","protected":false},"excerpt":{"rendered":"<p>\u0106ulumov zamjenik, koji je u me\u0111uvremenu razrje\u0161en du\u017enosti na vlastiti zahtjev, nalazi se u bjekstvu Fokus.ba<\/p>\n","protected":false},"author":1,"featured_media":30141,"comment_status":"open","ping_status":"open","sticky":false,"template":"","format":"standard","meta":{"_siteseo_robots_primary_cat":"","footnotes":""},"categories":[],"tags":[],"class_list":["post-30140","post","type-post","status-publish","format-standard","has-post-thumbnail"],"_links":{"self":[{"href":"https:\/\/modusportal.ba\/mojevijesti\/wp-json\/wp\/v2\/posts\/30140","targetHints":{"allow":["GET"]}}],"collection":[{"href":"https:\/\/modusportal.ba\/mojevijesti\/wp-json\/wp\/v2\/posts"}],"about":[{"href":"https:\/\/modusportal.ba\/mojevijesti\/wp-json\/wp\/v2\/types\/post"}],"author":[{"embeddable":true,"href":"https:\/\/modusportal.ba\/mojevijesti\/wp-json\/wp\/v2\/users\/1"}],"replies":[{"embeddable":true,"href":"https:\/\/modusportal.ba\/mojevijesti\/wp-json\/wp\/v2\/comments?post=30140"}],"version-history":[{"count":0,"href":"https:\/\/modusportal.ba\/mojevijesti\/wp-json\/wp\/v2\/posts\/30140\/revisions"}],"wp:featuredmedia":[{"embeddable":true,"href":"https:\/\/modusportal.ba\/mojevijesti\/wp-json\/wp\/v2\/media\/30141"}],"wp:attachment":[{"href":"https:\/\/modusportal.ba\/mojevijesti\/wp-json\/wp\/v2\/media?parent=30140"}],"wp:term":[{"taxonomy":"category","embeddable":true,"href":"https:\/\/modusportal.ba\/mojevijesti\/wp-json\/wp\/v2\/categories?post=30140"},{"taxonomy":"post_tag","embeddable":true,"href":"https:\/\/modusportal.ba\/mojevijesti\/wp-json\/wp\/v2\/tags?post=30140"}],"curies":[{"name":"wp","href":"https:\/\/api.w.org\/{rel}","templated":true}]}}